{"id":2893,"date":"2018-07-03T13:32:07","date_gmt":"2018-07-03T18:32:07","guid":{"rendered":"https:\/\/foro1025.mx\/?p=2893"},"modified":"2018-07-03T13:32:07","modified_gmt":"2018-07-03T18:32:07","slug":"celebra-jardin-botanico-cosmovitral-38-aniversario-con-pasion-por-el-bonsai","status":"publish","type":"post","link":"https:\/\/foro1025.mx\/?p=2893","title":{"rendered":"Celebra Jard\u00edn Bot\u00e1nico \u00abCosmovitral\u00bb 38 aniversario con \u00abpasi\u00f3n por el Bons\u00e1i\u00bb"},"content":{"rendered":"<p class=\"p5\"><i>\u2022 Componen la muestra 70 ejemplares tratados con esta t\u00e9cnica.<\/i><\/p>\n<p class=\"p5\"><i>\u2022 Cumplen d\u00e9cima edici\u00f3n de esta exposici\u00f3n.<\/i><\/p>\n<p class=\"p5\"><b>Toluca, Estado de M\u00e9xico.-\u00a0<\/b>El pr\u00f3ximo 5 de julio, el Jard\u00edn Bot\u00e1nico \u201cCosmovitral\u201d, recinto ic\u00f3nico de la entidad, cumple 38 a\u00f1os de funcionar como espacio de encuentro y lo festejar\u00e1 con la tradicional exposici\u00f3n \u201cPasi\u00f3n por el bons\u00e1i\u201d, que ser\u00e1 inaugurada el d\u00eda del aniversario, a las 13:00 horas.<\/p>\n<p class=\"p5\">Para este a\u00f1o, exhibir\u00e1n 70 \u00e1rboles tratados con esta t\u00e9cnica ancestral japonesa que conecta al ser humano con la naturaleza mediante un di\u00e1logo espiritual; algunos ejemplares cuentan con m\u00e1s de 200 a\u00f1os de edad, que se han convertido en verdaderas piezas de arte.<\/p>\n<p class=\"p5\">La exposici\u00f3n ser\u00e1 realizada por Felipe Gonz\u00e1lez L\u00f3pez, heredero de la t\u00e9cnica y gusto por el bons\u00e1i de su padre, Felipe Gonz\u00e1lez Montesinos, uno de los iniciadores de esta pr\u00e1ctica, hace ya 10 a\u00f1os.<\/p>\n<p class=\"p5\">En cada una de las ediciones ha sorprendido a los asistentes con la belleza de los ejemplares en exhibici\u00f3n y este a\u00f1o no ser\u00e1 la excepci\u00f3n.<\/p>\n<p class=\"p5\">Si bien esta t\u00e9cnica se origin\u00f3 en China, fueron los japoneses quienes la adoptaron y la transformaron en lo que conocemos hoy en d\u00eda, cuyo significado es: plantado en un contenedor.<\/p>\n<p class=\"p5\">\u201cPasi\u00f3n por el Bons\u00e1i\u201d ser\u00e1 inaugurada el 5 de julio, en el marco del aniversario del Jard\u00edn Bot\u00e1nico \u201cCosmovitral\u201d, a las 13:00 horas y permanecer\u00e1 en exhibici\u00f3n hasta el 19 de agosto en el inmueble ubicado en Lerdo de Tejada esquina con Benito Ju\u00e1rez, en la capital mexiquense.<\/p>\n","protected":false},"excerpt":{"rendered":"<div class=\"mh-excerpt\"><p>\u2022 Componen la muestra 70 ejemplares tratados con esta t\u00e9cnica. \u2022 Cumplen d\u00e9cima edici\u00f3n de <a class=\"mh-excerpt-more\" href=\"https:\/\/foro1025.mx\/?p=2893\" title=\"Celebra Jard\u00edn Bot\u00e1nico \u00abCosmovitral\u00bb 38 aniversario con \u00abpasi\u00f3n por el Bons\u00e1i\u00bb\">&#8230;<\/a><\/p>\n<\/div>","protected":false},"author":1,"featured_media":0,"comment_status":"open","ping_status":"open","sticky":false,"template":"","format":"standard","meta":{"footnotes":""},"categories":[20,13,12],"tags":[],"class_list":{"0":"post-2893","1":"post","2":"type-post","3":"status-publish","4":"format-standard","6":"category-cultura","7":"category-estado-de-mexico","8":"category-toluca"},"_links":{"self":[{"href":"https:\/\/foro1025.mx\/index.php?rest_route=\/wp\/v2\/posts\/2893","targetHints":{"allow":["GET"]}}],"collection":[{"href":"https:\/\/foro1025.mx\/index.php?rest_route=\/wp\/v2\/posts"}],"about":[{"href":"https:\/\/foro1025.mx\/index.php?rest_route=\/wp\/v2\/types\/post"}],"author":[{"embeddable":true,"href":"https:\/\/foro1025.mx\/index.php?rest_route=\/wp\/v2\/users\/1"}],"replies":[{"embeddable":true,"href":"https:\/\/foro1025.mx\/index.php?rest_route=%2Fwp%2Fv2%2Fcomments&post=2893"}],"version-history":[{"count":1,"href":"https:\/\/foro1025.mx\/index.php?rest_route=\/wp\/v2\/posts\/2893\/revisions"}],"predecessor-version":[{"id":2897,"href":"https:\/\/foro1025.mx\/index.php?rest_route=\/wp\/v2\/posts\/2893\/revisions\/2897"}],"wp:attachment":[{"href":"https:\/\/foro1025.mx\/index.php?rest_route=%2Fwp%2Fv2%2Fmedia&parent=2893"}],"wp:term":[{"taxonomy":"category","embeddable":true,"href":"https:\/\/foro1025.mx\/index.php?rest_route=%2Fwp%2Fv2%2Fcategories&post=2893"},{"taxonomy":"post_tag","embeddable":true,"href":"https:\/\/foro1025.mx\/index.php?rest_route=%2Fwp%2Fv2%2Ftags&post=2893"}],"curies":[{"name":"wp","href":"https:\/\/api.w.org\/{rel}","templated":true}]}}