{"id":28942,"date":"2024-05-06T17:04:25","date_gmt":"2024-05-06T23:04:25","guid":{"rendered":"https:\/\/foro1025.mx\/?p=28942"},"modified":"2024-05-13T17:08:07","modified_gmt":"2024-05-13T23:08:07","slug":"mas-de-12-mil-votos-del-partido-verde-se-suman-a-la-candidatura-de-angelica-moya","status":"publish","type":"post","link":"https:\/\/foro1025.mx\/?p=28942","title":{"rendered":"M\u00e1s de 12 mil votos del Partido Verde se suman a la candidatura de Ang\u00e9lica Moya"},"content":{"rendered":"<p class=\"p2\">M\u00e1s de 12 mil votos se suman a la candidata de la coalici\u00f3n Fuerza y Coraz\u00f3n por el Estado de M\u00e9xico, Ang\u00e9lica Moya Mar\u00edn, como resultado de la adhesi\u00f3n de m\u00e1s de 600 l\u00edderes y excandidatos a diputados federales y regidores del Partido Verde Ecologista de M\u00e9xico (PVEM), lo que coloca a la abanderada con cerca del 50 por ciento de preferencia en las encuestas de cara a la votaci\u00f3n del 2 de junio.<\/p>\n<p class=\"p2\">Moya Mar\u00edn se refiri\u00f3 a los verdaderos integrantes del Partido Verde en Naucalpan como gente trabajadora que sabe caminar en las calles y conoce de primera mano el sufrimiento de las familias y se preocupa por ella y por el desarrollo comunitario.<\/p>\n<p><img loading=\"lazy\" decoding=\"async\" class=\"aligncenter size-large wp-image-28944\" src=\"https:\/\/foro1025.mx\/wp-content\/uploads\/2024\/05\/8b7e8f03-8da8-41b4-83cb-dc44a2b66e78-1024x685.jpeg\" alt=\"\" width=\"1024\" height=\"685\" srcset=\"https:\/\/foro1025.mx\/wp-content\/uploads\/2024\/05\/8b7e8f03-8da8-41b4-83cb-dc44a2b66e78-1024x685.jpeg 1024w, https:\/\/foro1025.mx\/wp-content\/uploads\/2024\/05\/8b7e8f03-8da8-41b4-83cb-dc44a2b66e78-300x201.jpeg 300w, https:\/\/foro1025.mx\/wp-content\/uploads\/2024\/05\/8b7e8f03-8da8-41b4-83cb-dc44a2b66e78-768x513.jpeg 768w, https:\/\/foro1025.mx\/wp-content\/uploads\/2024\/05\/8b7e8f03-8da8-41b4-83cb-dc44a2b66e78.jpeg 1472w\" sizes=\"auto, (max-width: 1024px) 100vw, 1024px\" \/><\/p>\n<p class=\"p2\">Asimismo, record\u00f3 el desastre que dejaron los gobiernos municipales en los \u00faltimos diez a\u00f1os, encabezados por los exalcaldes, Edgar Olvera, David S\u00e1nchez, Jos\u00e9 Luis y Patricia Dur\u00e1n, \u201cahora quieren regresar todos alineados atr\u00e1s de la candidatura de Morena, ese es el frente al que le tenemos que poner un alto y les tenemos que decir c\u00f3mo se gobierna bien en favor de la ciudadan\u00eda\u201d.<\/p>\n<p class=\"p2\">La excandidata a regidora por el PVEM, Guadalupe Gonz\u00e1lez, cit\u00f3 una frase que les dec\u00eda el l\u00edder estatal de ese partido, Jos\u00e9 Alberto Couttolenc: \u201cChamba mata grilla, fueron palabras ef\u00edmeras y mentirosas, pero sobre todo abusivas\u201d, toda vez que este partido hizo a un lado a la gente que ha trabajado en las comunidades para dar lugar a los saqueadores de Naucalpan que defraudaron a la ciudadan\u00eda en la \u00faltima d\u00e9cada.<\/p>\n<p class=\"p2\">Mencion\u00f3 que hace tres a\u00f1os y en los comicios del a\u00f1o pasado, enfrentaron una gran batalla, \u201choy nuevamente tenemos una cita con la historia de Naucalpan y en pol\u00edtica la palabra se cumple y m\u00e1s en nuestro municipio\u201d.<\/p>\n<p><img loading=\"lazy\" decoding=\"async\" class=\"aligncenter size-large wp-image-28945\" src=\"https:\/\/foro1025.mx\/wp-content\/uploads\/2024\/05\/cc0d1acf-b632-4f30-9ab5-13b7f5567385-1024x682.jpeg\" alt=\"\" width=\"1024\" height=\"682\" srcset=\"https:\/\/foro1025.mx\/wp-content\/uploads\/2024\/05\/cc0d1acf-b632-4f30-9ab5-13b7f5567385-1024x682.jpeg 1024w, https:\/\/foro1025.mx\/wp-content\/uploads\/2024\/05\/cc0d1acf-b632-4f30-9ab5-13b7f5567385-300x200.jpeg 300w, https:\/\/foro1025.mx\/wp-content\/uploads\/2024\/05\/cc0d1acf-b632-4f30-9ab5-13b7f5567385-768x512.jpeg 768w, https:\/\/foro1025.mx\/wp-content\/uploads\/2024\/05\/cc0d1acf-b632-4f30-9ab5-13b7f5567385-1536x1023.jpeg 1536w, https:\/\/foro1025.mx\/wp-content\/uploads\/2024\/05\/cc0d1acf-b632-4f30-9ab5-13b7f5567385.jpeg 1600w\" sizes=\"auto, (max-width: 1024px) 100vw, 1024px\" \/><\/p>\n<p class=\"p2\">Herssael Garc\u00eda, excandidato a diputado federal del PVEM por el distrito 22, enfatiz\u00f3 que es tiempo de cuidar la casa, \u201cno queremos m\u00e1s mentiras ni que nos gobierne gente abusiva, por eso desde aqu\u00ed les decimos no m\u00e1s clan Dur\u00e1n, no m\u00e1s Olvera y mucho menos Montoya, ninguno de ellos representa a la familia verde, \u00e9sta la representamos nosotros, los que cuidamos las casillas y salimos a pedir el voto.<\/p>\n<p class=\"p2\">\u201cJos\u00e9 Luis Dur\u00e1n compr\u00f3 una asfaltadora millonaria que no sirvi\u00f3, Edgar Olvera un helic\u00f3ptero que no dio resultados y Patricia Dur\u00e1n cerr\u00f3 el DIF, una instituci\u00f3n que se cre\u00f3 para el servicio de todos y apoyar a los sectores m\u00e1s vulnerables, no les import\u00f3 nada. Candidata, hoy nos sumamos a tu proyecto y de tu mano ahora somos la familia azul de Naucalpan\u201d, sentenci\u00f3.<\/p>\n<p class=\"p2\">El candidato a diputado local por el distrito 30, Enrique Jacob Rocha, destac\u00f3 que solamente con Ang\u00e9lica Moya en la alcald\u00eda de Naucalpan, el municipio volver\u00e1 a ser un referente a nivel estatal, \u201ccontamos con una gran candidata, a quien, en la primera parte de su gobierno, le toc\u00f3 darle vuelta a una situaci\u00f3n sumamente compleja, que refleja con claridad quienes est\u00e1n del otro lado compitiendo, gente sin orden que se caracteriza por ocupar cargos p\u00fablicos para saquear\u201d.<\/p>\n<p class=\"p2\">Por otra parte, en la colonia San Rafael Chamapa, Maura Loyola Ram\u00edrez, coordinadora de zona de la estructura panista y Ang\u00e9lica Moya Mar\u00edn dieron el banderazo de salida a seccionales, jefes de manzana y jefes de acera que salieron a las calles para tocar puertas y llevar las propuestas de la coalici\u00f3n Fuerza y Coraz\u00f3n por el Estado de M\u00e9xico a todos los rincones del municipio y as\u00ed garantizar el triunfo el pr\u00f3ximo 2 de junio, esta actividad se realiz\u00f3 de manera simult\u00e1nea en todas las secciones electorales.<\/p>\n","protected":false},"excerpt":{"rendered":"<div class=\"mh-excerpt\"><p>M\u00e1s de 12 mil votos se suman a la candidata de la coalici\u00f3n Fuerza y <a class=\"mh-excerpt-more\" href=\"https:\/\/foro1025.mx\/?p=28942\" title=\"M\u00e1s de 12 mil votos del Partido Verde se suman a la candidatura de Ang\u00e9lica Moya\">&#8230;<\/a><\/p>\n<\/div>","protected":false},"author":1,"featured_media":28943,"comment_status":"closed","ping_status":"closed","sticky":false,"template":"","format":"standard","meta":{"footnotes":""},"categories":[44],"tags":[52,33],"class_list":{"0":"post-28942","1":"post","2":"type-post","3":"status-publish","4":"format-standard","5":"has-post-thumbnail","7":"category-elecciones-2024","8":"tag-angelica-moya","9":"tag-naucalpan"},"_links":{"self":[{"href":"https:\/\/foro1025.mx\/index.php?rest_route=\/wp\/v2\/posts\/28942","targetHints":{"allow":["GET"]}}],"collection":[{"href":"https:\/\/foro1025.mx\/index.php?rest_route=\/wp\/v2\/posts"}],"about":[{"href":"https:\/\/foro1025.mx\/index.php?rest_route=\/wp\/v2\/types\/post"}],"author":[{"embeddable":true,"href":"https:\/\/foro1025.mx\/index.php?rest_route=\/wp\/v2\/users\/1"}],"replies":[{"embeddable":true,"href":"https:\/\/foro1025.mx\/index.php?rest_route=%2Fwp%2Fv2%2Fcomments&post=28942"}],"version-history":[{"count":1,"href":"https:\/\/foro1025.mx\/index.php?rest_route=\/wp\/v2\/posts\/28942\/revisions"}],"predecessor-version":[{"id":28946,"href":"https:\/\/foro1025.mx\/index.php?rest_route=\/wp\/v2\/posts\/28942\/revisions\/28946"}],"wp:featuredmedia":[{"embeddable":true,"href":"https:\/\/foro1025.mx\/index.php?rest_route=\/wp\/v2\/media\/28943"}],"wp:attachment":[{"href":"https:\/\/foro1025.mx\/index.php?rest_route=%2Fwp%2Fv2%2Fmedia&parent=28942"}],"wp:term":[{"taxonomy":"category","embeddable":true,"href":"https:\/\/foro1025.mx\/index.php?rest_route=%2Fwp%2Fv2%2Fcategories&post=28942"},{"taxonomy":"post_tag","embeddable":true,"href":"https:\/\/foro1025.mx\/index.php?rest_route=%2Fwp%2Fv2%2Ftags&post=28942"}],"curies":[{"name":"wp","href":"https:\/\/api.w.org\/{rel}","templated":true}]}}