{"id":28960,"date":"2024-05-08T17:29:36","date_gmt":"2024-05-08T23:29:36","guid":{"rendered":"https:\/\/foro1025.mx\/?p=28960"},"modified":"2024-05-13T17:32:15","modified_gmt":"2024-05-13T23:32:15","slug":"el-servicio-publico-no-debe-ser-una-fuente-de-enriquecimiento-como-acontece-hoy-en-tlalnepantla-raciel-perez-cruz","status":"publish","type":"post","link":"https:\/\/foro1025.mx\/?p=28960","title":{"rendered":"El servicio p\u00fablico no debe ser una fuente de enriquecimiento, como acontece hoy en Tlalnepantla: Raciel P\u00e9rez Cruz"},"content":{"rendered":"<p class=\"p1\"><em>\u25cf El candidato de la coalici\u00f3n \u201cSigamos Haciendo Historia en el Estado de M\u00e9xico\u201d a la Presidencia Municipal sostuvo un encuentro con empresarios y ciudadanos congregados en la ASECEM.<\/em><\/p>\n<p class=\"p1\">En todo gobierno, las y los funcionarios tienen el compromiso de servir y avanzar y estar con la gente, lo que no ha pasado con varios funcionarios del actual<span class=\"Apple-converted-space\">\u00a0 <\/span>gobierno municipal de Tlalnepantla.<\/p>\n<p class=\"p1\">Por lo cual, no podemos normalizar que el servicio p\u00fablico se convierta en una fuente de corrupci\u00f3n y enriquecimiento, asever\u00f3 Raciel P\u00e9rez Cruz, candidato de la coalici\u00f3n \u201cSigamos Haciendo Historia en el Estado de M\u00e9xico\u201d a la Presidencia Municipal.<\/p>\n<p class=\"p1\">Se\u00f1al\u00f3 que tampoco se debe normalizar ver a las y los funcionarios de \u2018primer nivel\u2019 andar por la ciudad con un gran aparato de seguridad \u2018hasta 4 suburbans\u2019 que nos cuestan a todas y todos de nuestros impuestos.<\/p>\n<p><img loading=\"lazy\" decoding=\"async\" class=\"aligncenter size-large wp-image-28962\" src=\"https:\/\/foro1025.mx\/wp-content\/uploads\/2024\/05\/ec249fb3-e438-48cd-8d6f-9fb544c2e331-1024x769.jpeg\" alt=\"\" width=\"1024\" height=\"769\" srcset=\"https:\/\/foro1025.mx\/wp-content\/uploads\/2024\/05\/ec249fb3-e438-48cd-8d6f-9fb544c2e331-1024x769.jpeg 1024w, https:\/\/foro1025.mx\/wp-content\/uploads\/2024\/05\/ec249fb3-e438-48cd-8d6f-9fb544c2e331-300x225.jpeg 300w, https:\/\/foro1025.mx\/wp-content\/uploads\/2024\/05\/ec249fb3-e438-48cd-8d6f-9fb544c2e331-768x576.jpeg 768w, https:\/\/foro1025.mx\/wp-content\/uploads\/2024\/05\/ec249fb3-e438-48cd-8d6f-9fb544c2e331-1536x1153.jpeg 1536w, https:\/\/foro1025.mx\/wp-content\/uploads\/2024\/05\/ec249fb3-e438-48cd-8d6f-9fb544c2e331-678x509.jpeg 678w, https:\/\/foro1025.mx\/wp-content\/uploads\/2024\/05\/ec249fb3-e438-48cd-8d6f-9fb544c2e331-326x245.jpeg 326w, https:\/\/foro1025.mx\/wp-content\/uploads\/2024\/05\/ec249fb3-e438-48cd-8d6f-9fb544c2e331-80x60.jpeg 80w, https:\/\/foro1025.mx\/wp-content\/uploads\/2024\/05\/ec249fb3-e438-48cd-8d6f-9fb544c2e331.jpeg 1600w\" sizes=\"auto, (max-width: 1024px) 100vw, 1024px\" \/><\/p>\n<p class=\"p1\">Sobre este tema en particular, ante empresarias y empresarios congregados en la Asociaci\u00f3n de Empresarios y Ciudadanos de M\u00e9xico A.C. (ASECEM), Raciel P\u00e9rez respondi\u00f3 a la invitaci\u00f3n a un debate propuesto por el alcalde con licencia y candidato del PRI, PAN y PRD, Marco Antonio Rodriguez Hurtado \u201cTony\u201d.<\/p>\n<p class=\"p1\">Al clausurar el \u201cDi\u00e1logo con Empresarios\u201d organizado por esta importante asociaci\u00f3n, el abanderado por los partidos Morena, PT y Verde, afirm\u00f3 que ser\u00e1 un aliado de la comunidad empresarial, al ser Tlalnepantla uno de los municipios con mucho futuro en la materia, que cuenta con m\u00e1s empresarios en el pa\u00eds y es el segundo lugar en aportaciones al Producto Interno Bruto (PIB) del Estado de M\u00e9xico, con el 12 por ciento, s\u00f3lo superado por Naucalpan, con 18 por ciento.<\/p>\n<p><img loading=\"lazy\" decoding=\"async\" class=\"aligncenter size-large wp-image-28963\" src=\"https:\/\/foro1025.mx\/wp-content\/uploads\/2024\/05\/b9cace83-0f6c-48b8-9800-f291c81c18de-1024x769.jpeg\" alt=\"\" width=\"1024\" height=\"769\" srcset=\"https:\/\/foro1025.mx\/wp-content\/uploads\/2024\/05\/b9cace83-0f6c-48b8-9800-f291c81c18de-1024x769.jpeg 1024w, https:\/\/foro1025.mx\/wp-content\/uploads\/2024\/05\/b9cace83-0f6c-48b8-9800-f291c81c18de-300x225.jpeg 300w, https:\/\/foro1025.mx\/wp-content\/uploads\/2024\/05\/b9cace83-0f6c-48b8-9800-f291c81c18de-768x576.jpeg 768w, https:\/\/foro1025.mx\/wp-content\/uploads\/2024\/05\/b9cace83-0f6c-48b8-9800-f291c81c18de-1536x1153.jpeg 1536w, https:\/\/foro1025.mx\/wp-content\/uploads\/2024\/05\/b9cace83-0f6c-48b8-9800-f291c81c18de-678x509.jpeg 678w, https:\/\/foro1025.mx\/wp-content\/uploads\/2024\/05\/b9cace83-0f6c-48b8-9800-f291c81c18de-326x245.jpeg 326w, https:\/\/foro1025.mx\/wp-content\/uploads\/2024\/05\/b9cace83-0f6c-48b8-9800-f291c81c18de-80x60.jpeg 80w, https:\/\/foro1025.mx\/wp-content\/uploads\/2024\/05\/b9cace83-0f6c-48b8-9800-f291c81c18de.jpeg 1600w\" sizes=\"auto, (max-width: 1024px) 100vw, 1024px\" \/><\/p>\n<p class=\"p1\">Raciel P\u00e9rez indic\u00f3 que el mejor ejemplo de un gran gobierno de izquierda, es el del Presidente Andres Manuel L\u00f3pez Obrador, quien en menos de seis a\u00f1os derrib\u00f3 con hechos, los muros de la incomprensi\u00f3n; No somos Venezuela, tenemos estabilidad macroecon\u00f3mica, no se endeud\u00f3 al pa\u00eds, hay r\u00e9cord en inversi\u00f3n extranjera, peso fortalecido ante el d\u00f3lar estadunidense y, lo m\u00e1s importante; su pol\u00edtica social dio resultados tangibles; 9 millones de mexicanos abandonaron la pobreza.<\/p>\n<p class=\"p1\">Acot\u00f3 que la candidata de la coalici\u00f3n \u201cSigamos Haciendo Historia\u201d a la Presidencia de la Rep\u00fablica, Claudia Sheinbaum Pardo, recorre el pa\u00eds en el marco de su campa\u00f1a para recoger los reclamos, as\u00ed como los anhelos y las esperanzas del pueblo mexicano; escuchando a la gente para hacer un balance de los faltantes.<\/p>\n<p class=\"p1\">En el evento \u201cDi\u00e1logo con Empresarios\u00bb, Raciel P\u00e9rez estuvo acompa\u00f1ado por el Presidente de la ASECEM, Ra\u00fal Chaparro, as\u00ed como de la Mesa Directiva de este organismo empresarial.<\/p>\n","protected":false},"excerpt":{"rendered":"<div class=\"mh-excerpt\"><p>\u25cf El candidato de la coalici\u00f3n \u201cSigamos Haciendo Historia en el Estado de M\u00e9xico\u201d a <a class=\"mh-excerpt-more\" href=\"https:\/\/foro1025.mx\/?p=28960\" title=\"El servicio p\u00fablico no debe ser una fuente de enriquecimiento, como acontece hoy en Tlalnepantla: Raciel P\u00e9rez Cruz\">&#8230;<\/a><\/p>\n<\/div>","protected":false},"author":1,"featured_media":28961,"comment_status":"closed","ping_status":"closed","sticky":false,"template":"","format":"standard","meta":{"footnotes":""},"categories":[44],"tags":[68,58],"class_list":{"0":"post-28960","1":"post","2":"type-post","3":"status-publish","4":"format-standard","5":"has-post-thumbnail","7":"category-elecciones-2024","8":"tag-raciel-perez","9":"tag-tlalnepantla-de-baz"},"_links":{"self":[{"href":"https:\/\/foro1025.mx\/index.php?rest_route=\/wp\/v2\/posts\/28960","targetHints":{"allow":["GET"]}}],"collection":[{"href":"https:\/\/foro1025.mx\/index.php?rest_route=\/wp\/v2\/posts"}],"about":[{"href":"https:\/\/foro1025.mx\/index.php?rest_route=\/wp\/v2\/types\/post"}],"author":[{"embeddable":true,"href":"https:\/\/foro1025.mx\/index.php?rest_route=\/wp\/v2\/users\/1"}],"replies":[{"embeddable":true,"href":"https:\/\/foro1025.mx\/index.php?rest_route=%2Fwp%2Fv2%2Fcomments&post=28960"}],"version-history":[{"count":1,"href":"https:\/\/foro1025.mx\/index.php?rest_route=\/wp\/v2\/posts\/28960\/revisions"}],"predecessor-version":[{"id":28964,"href":"https:\/\/foro1025.mx\/index.php?rest_route=\/wp\/v2\/posts\/28960\/revisions\/28964"}],"wp:featuredmedia":[{"embeddable":true,"href":"https:\/\/foro1025.mx\/index.php?rest_route=\/wp\/v2\/media\/28961"}],"wp:attachment":[{"href":"https:\/\/foro1025.mx\/index.php?rest_route=%2Fwp%2Fv2%2Fmedia&parent=28960"}],"wp:term":[{"taxonomy":"category","embeddable":true,"href":"https:\/\/foro1025.mx\/index.php?rest_route=%2Fwp%2Fv2%2Fcategories&post=28960"},{"taxonomy":"post_tag","embeddable":true,"href":"https:\/\/foro1025.mx\/index.php?rest_route=%2Fwp%2Fv2%2Ftags&post=28960"}],"curies":[{"name":"wp","href":"https:\/\/api.w.org\/{rel}","templated":true}]}}