{"id":28986,"date":"2024-05-13T19:58:16","date_gmt":"2024-05-14T01:58:16","guid":{"rendered":"https:\/\/foro1025.mx\/?p=28986"},"modified":"2024-05-13T19:58:16","modified_gmt":"2024-05-14T01:58:16","slug":"confirman-perredistas-apoyo-a-angelica-moya-rumbo-al-2-de-junio","status":"publish","type":"post","link":"https:\/\/foro1025.mx\/?p=28986","title":{"rendered":"Confirman perredistas apoyo a Ang\u00e9lica Moya, rumbo al 2 de Junio"},"content":{"rendered":"<p class=\"p2\">Simpatizantes del Partido de la Revoluci\u00f3n Democr\u00e1tica (PRD) refrendaron su apoyo a la candidata a la alcald\u00eda de Naucalpan, Ang\u00e9lica Moya Mar\u00edn, para obtener el triunfo el pr\u00f3ximo 2 de junio y con ello continuar cuidando la casa, este encuentro se dio durante un desayuno organizado por la candidata a regidora, Lucina Cort\u00e9s Cornejo.<\/p>\n<p class=\"p2\">Moya Mar\u00edn llam\u00f3 a los perredistas a cerrar la puerta a los gobiernos corruptos de Morena, \u201cson hip\u00f3critas, c\u00ednicos, destruyen al pa\u00eds y a las instituciones; a Naucalpan lo dejaron en la ruina, nos quieren tratar como si no supi\u00e9ramos de sus tropel\u00edas. Es importante llevar el mensaje sobre la emergencia que representa Morena desde el gobierno federal, estatal y ahora que est\u00e1n tocando la puerta en nuestro municipio\u201d.<\/p>\n<p class=\"p2\">La candidata Cort\u00e9s Cornejo reconoci\u00f3 la tit\u00e1nica labor de la presidenta municipal con licencia para ordenar las finanzas y destac\u00f3 que \u201cella s\u00ed nos representa a quienes somos de zona popular, por eso realiz\u00f3 muchas obras en nuestras colonias como los arcotechos en las escuelas que benefician a toda la comunidad estudiantil\u201d.<\/p>\n<p><img loading=\"lazy\" decoding=\"async\" class=\"aligncenter size-large wp-image-28988\" src=\"https:\/\/foro1025.mx\/wp-content\/uploads\/2024\/05\/portada-3-1024x685.jpeg\" alt=\"\" width=\"1024\" height=\"685\" srcset=\"https:\/\/foro1025.mx\/wp-content\/uploads\/2024\/05\/portada-3-1024x685.jpeg 1024w, https:\/\/foro1025.mx\/wp-content\/uploads\/2024\/05\/portada-3-300x201.jpeg 300w, https:\/\/foro1025.mx\/wp-content\/uploads\/2024\/05\/portada-3-768x513.jpeg 768w, https:\/\/foro1025.mx\/wp-content\/uploads\/2024\/05\/portada-3.jpeg 1472w\" sizes=\"auto, (max-width: 1024px) 100vw, 1024px\" \/><\/p>\n<p class=\"p2\">Severino Plata D\u00edaz, dirigente del PRD municipal, mencion\u00f3 \u201ceste es el perredismo que est\u00e1 dando la cara por usted candidata en todas las comunidades y llevando sus propuestas para continuar sacando a Naucalpan de la ruina en que lo dejaron y para que no regresen los traidores del pueblo, este pr\u00f3ximo 2 de junio estamos seguros de que vamos a ganar\u201d.<\/p>\n<p class=\"p2\">En la colonia Benito Ju\u00e1rez, Moya Mar\u00edn fue recibida por l\u00edderes de Lomas del Cadete, La Mancha I, Plan de Ayala y otras comunidades, as\u00ed como transportistas de la Ruta 3 y 12. Ah\u00ed, Virginia Bustos, presidenta de Colonias Unidas Naucalpan, reconoci\u00f3 el trabajo de la abanderada con obras de repavimentaci\u00f3n en calle Camer\u00fan, Diagonal y en especial la realizada en Lomas del Cadete, obra que fue abandonada por Morena y que concluy\u00f3 Ang\u00e9lica Moya durante su administraci\u00f3n.<\/p>\n<p><img loading=\"lazy\" decoding=\"async\" class=\"aligncenter size-large wp-image-28989\" src=\"https:\/\/foro1025.mx\/wp-content\/uploads\/2024\/05\/0ea28c4c-9455-49db-b8c6-98b35b1ed1a1-1024x768.jpeg\" alt=\"\" width=\"1024\" height=\"768\" srcset=\"https:\/\/foro1025.mx\/wp-content\/uploads\/2024\/05\/0ea28c4c-9455-49db-b8c6-98b35b1ed1a1-1024x768.jpeg 1024w, https:\/\/foro1025.mx\/wp-content\/uploads\/2024\/05\/0ea28c4c-9455-49db-b8c6-98b35b1ed1a1-300x225.jpeg 300w, https:\/\/foro1025.mx\/wp-content\/uploads\/2024\/05\/0ea28c4c-9455-49db-b8c6-98b35b1ed1a1-768x576.jpeg 768w, https:\/\/foro1025.mx\/wp-content\/uploads\/2024\/05\/0ea28c4c-9455-49db-b8c6-98b35b1ed1a1-1536x1152.jpeg 1536w, https:\/\/foro1025.mx\/wp-content\/uploads\/2024\/05\/0ea28c4c-9455-49db-b8c6-98b35b1ed1a1-678x509.jpeg 678w, https:\/\/foro1025.mx\/wp-content\/uploads\/2024\/05\/0ea28c4c-9455-49db-b8c6-98b35b1ed1a1-326x245.jpeg 326w, https:\/\/foro1025.mx\/wp-content\/uploads\/2024\/05\/0ea28c4c-9455-49db-b8c6-98b35b1ed1a1-80x60.jpeg 80w, https:\/\/foro1025.mx\/wp-content\/uploads\/2024\/05\/0ea28c4c-9455-49db-b8c6-98b35b1ed1a1.jpeg 1600w\" sizes=\"auto, (max-width: 1024px) 100vw, 1024px\" \/><\/p>\n<p class=\"p2\">La candidata de la coalici\u00f3n Fuerza y Coraz\u00f3n por el Estado de M\u00e9xico explic\u00f3 que ahora las finanzas municipales est\u00e1n mucho m\u00e1s estables por lo que continuar\u00e1 ejecutando obras de gran impacto que eleven la calidad de vida en las comunidades.<\/p>\n<p class=\"p2\">Posteriormente, Ang\u00e9lica Moya se traslad\u00f3 a Lomas de San Agust\u00edn, donde continu\u00f3 con la celebraci\u00f3n del D\u00eda de las Madres. \u201cCuando tocan a una de ustedes tambi\u00e9n me tocan a m\u00ed, ustedes trabajan por el bien com\u00fan, siempre contar\u00e1n con mi apoyo y estoy segura de que con su trabajo lograremos cosas importantes para esta comunidad. En la pr\u00f3xima elecci\u00f3n tenemos dos caminos, el del desarrollo y crecimiento o el de Morena que representa la derrota y devastaci\u00f3n\u201d.<\/p>\n<p class=\"p2\">La l\u00edder vecinal Gloria Juandiego agradeci\u00f3 el apoyo que siempre le ha brindado Ang\u00e9lica Moya, aun sin tener cargos de elecci\u00f3n popular, \u201csiempre hemos tenido tu respaldo, aqu\u00ed estamos para ganar las pr\u00f3ximas elecciones, vamos a trabajar nuevamente contigo porque queremos cambiar las cosas aqu\u00ed en Lomas de San Agust\u00edn y en todo Naucalpan\u201d.<\/p>\n","protected":false},"excerpt":{"rendered":"<div class=\"mh-excerpt\"><p>Simpatizantes del Partido de la Revoluci\u00f3n Democr\u00e1tica (PRD) refrendaron su apoyo a la candidata a <a class=\"mh-excerpt-more\" href=\"https:\/\/foro1025.mx\/?p=28986\" title=\"Confirman perredistas apoyo a Ang\u00e9lica Moya, rumbo al 2 de Junio\">&#8230;<\/a><\/p>\n<\/div>","protected":false},"author":1,"featured_media":28987,"comment_status":"closed","ping_status":"closed","sticky":false,"template":"","format":"standard","meta":{"footnotes":""},"categories":[44],"tags":[52,33],"class_list":{"0":"post-28986","1":"post","2":"type-post","3":"status-publish","4":"format-standard","5":"has-post-thumbnail","7":"category-elecciones-2024","8":"tag-angelica-moya","9":"tag-naucalpan"},"_links":{"self":[{"href":"https:\/\/foro1025.mx\/index.php?rest_route=\/wp\/v2\/posts\/28986","targetHints":{"allow":["GET"]}}],"collection":[{"href":"https:\/\/foro1025.mx\/index.php?rest_route=\/wp\/v2\/posts"}],"about":[{"href":"https:\/\/foro1025.mx\/index.php?rest_route=\/wp\/v2\/types\/post"}],"author":[{"embeddable":true,"href":"https:\/\/foro1025.mx\/index.php?rest_route=\/wp\/v2\/users\/1"}],"replies":[{"embeddable":true,"href":"https:\/\/foro1025.mx\/index.php?rest_route=%2Fwp%2Fv2%2Fcomments&post=28986"}],"version-history":[{"count":1,"href":"https:\/\/foro1025.mx\/index.php?rest_route=\/wp\/v2\/posts\/28986\/revisions"}],"predecessor-version":[{"id":28990,"href":"https:\/\/foro1025.mx\/index.php?rest_route=\/wp\/v2\/posts\/28986\/revisions\/28990"}],"wp:featuredmedia":[{"embeddable":true,"href":"https:\/\/foro1025.mx\/index.php?rest_route=\/wp\/v2\/media\/28987"}],"wp:attachment":[{"href":"https:\/\/foro1025.mx\/index.php?rest_route=%2Fwp%2Fv2%2Fmedia&parent=28986"}],"wp:term":[{"taxonomy":"category","embeddable":true,"href":"https:\/\/foro1025.mx\/index.php?rest_route=%2Fwp%2Fv2%2Fcategories&post=28986"},{"taxonomy":"post_tag","embeddable":true,"href":"https:\/\/foro1025.mx\/index.php?rest_route=%2Fwp%2Fv2%2Ftags&post=28986"}],"curies":[{"name":"wp","href":"https:\/\/api.w.org\/{rel}","templated":true}]}}