{"id":29011,"date":"2024-05-10T23:23:28","date_gmt":"2024-05-11T05:23:28","guid":{"rendered":"https:\/\/foro1025.mx\/?p=29011"},"modified":"2024-05-13T23:27:34","modified_gmt":"2024-05-14T05:27:34","slug":"felicita-david-sanchez-a-las-mamas-de-coacalco","status":"publish","type":"post","link":"https:\/\/foro1025.mx\/?p=29011","title":{"rendered":"Felicita David S\u00e1nchez a las mam\u00e1s de Coacalco"},"content":{"rendered":"<p class=\"p1\">Durante sus recorridos a por las calles de Coacalco, el candidato por la Coalici\u00f3n Fuerza y Coraz\u00f3n por el Estado de M\u00e9xico, David S\u00e1nchez Isidoro, felicit\u00f3 a las mam\u00e1s con motivo del D\u00eda de la Madre; a quienes reconoci\u00f3 su esfuerzo, dedicaci\u00f3n y amor con el que cuidan a sus familias; adem\u00e1s de que ellas son las que impulsan el cambio y el bienestar de la sociedad.<\/p>\n<p><img loading=\"lazy\" decoding=\"async\" class=\"aligncenter size-large wp-image-29013\" src=\"https:\/\/foro1025.mx\/wp-content\/uploads\/2024\/05\/WhatsApp-Image-2024-05-11-at-9.52.17-AM-1024x683.jpeg\" alt=\"\" width=\"1024\" height=\"683\" srcset=\"https:\/\/foro1025.mx\/wp-content\/uploads\/2024\/05\/WhatsApp-Image-2024-05-11-at-9.52.17-AM-1024x683.jpeg 1024w, https:\/\/foro1025.mx\/wp-content\/uploads\/2024\/05\/WhatsApp-Image-2024-05-11-at-9.52.17-AM-300x200.jpeg 300w, https:\/\/foro1025.mx\/wp-content\/uploads\/2024\/05\/WhatsApp-Image-2024-05-11-at-9.52.17-AM-768x512.jpeg 768w, https:\/\/foro1025.mx\/wp-content\/uploads\/2024\/05\/WhatsApp-Image-2024-05-11-at-9.52.17-AM-1536x1024.jpeg 1536w, https:\/\/foro1025.mx\/wp-content\/uploads\/2024\/05\/WhatsApp-Image-2024-05-11-at-9.52.17-AM.jpeg 1600w\" sizes=\"auto, (max-width: 1024px) 100vw, 1024px\" \/><\/p>\n<p class=\"p1\">En sus recorrido por los lotes 12 y 14 de la Unidad Habitacional San Rafel, Potrero La Laguna y Unidad Morelos, sostuvo reuniones con madres de familia, reiterando su apoyo a las mujeres; quienes adem\u00e1s de ser madres, son las primeras en comprometerse para el beneficio de sus comunidades.<\/p>\n<p class=\"p1\">Asimismo, reconoci\u00f3 su lucha por sacar adelante a sus hijos e hizo un llamado a trabajar en equipo y hacer lo que a cada uno le corresponde; a ellas, ense\u00f1ar valores y principios a sus hijas e hijos, y a \u00e9l, luchar por<span class=\"Apple-converted-space\">\u00a0 <\/span>que Coacalco sea un mejor lugar para vivir.<\/p>\n<p><img loading=\"lazy\" decoding=\"async\" class=\"aligncenter size-large wp-image-29014\" src=\"https:\/\/foro1025.mx\/wp-content\/uploads\/2024\/05\/WhatsApp-Image-2024-05-11-at-9.52.15-AM-1024x683.jpeg\" alt=\"\" width=\"1024\" height=\"683\" srcset=\"https:\/\/foro1025.mx\/wp-content\/uploads\/2024\/05\/WhatsApp-Image-2024-05-11-at-9.52.15-AM-1024x683.jpeg 1024w, https:\/\/foro1025.mx\/wp-content\/uploads\/2024\/05\/WhatsApp-Image-2024-05-11-at-9.52.15-AM-300x200.jpeg 300w, https:\/\/foro1025.mx\/wp-content\/uploads\/2024\/05\/WhatsApp-Image-2024-05-11-at-9.52.15-AM-768x512.jpeg 768w, https:\/\/foro1025.mx\/wp-content\/uploads\/2024\/05\/WhatsApp-Image-2024-05-11-at-9.52.15-AM-1536x1024.jpeg 1536w, https:\/\/foro1025.mx\/wp-content\/uploads\/2024\/05\/WhatsApp-Image-2024-05-11-at-9.52.15-AM.jpeg 1600w\" sizes=\"auto, (max-width: 1024px) 100vw, 1024px\" \/><\/p>\n<p class=\"p1\">Por otra parte, decenas de madres de familia reiteraron a David S\u00e1nchez su apoyo, porque conocen su trabajo y est\u00e1n seguras que con \u00e9l y su proyecto de continuidad, se llevar\u00e1 a Coacalco a obtener los mejores lugares de bienestar.<\/p>\n<p class=\"p1\">Como parte de sus recorridos del d\u00eda jueves por Los H\u00e9roes Coacalco, el candidato a la presidencia de Coacalco estuvo acompa\u00f1ado en el toque de puertas por el presidente del Comit\u00e9 Estatal de Acci\u00f3n Nacional, Anuar Azar Figueroa, y de la candidata a diputada federal por el Distrito 6, Al\u00ed N\u00fa\u00f1ez Meneses, para dar conocer las propuestas de la coalici\u00f3n; y en equipo conservar un gobierno de buenos resultados para las y los coacalquenses. De igual manera tambi\u00e9n estuvo presente el candidato a diputado local por el Distritos 38, Oscar Amin Moreno Lojero.<\/p>\n","protected":false},"excerpt":{"rendered":"<div class=\"mh-excerpt\"><p>Durante sus recorridos a por las calles de Coacalco, el candidato por la Coalici\u00f3n Fuerza <a class=\"mh-excerpt-more\" href=\"https:\/\/foro1025.mx\/?p=29011\" title=\"Felicita David S\u00e1nchez a las mam\u00e1s de Coacalco\">&#8230;<\/a><\/p>\n<\/div>","protected":false},"author":1,"featured_media":29012,"comment_status":"closed","ping_status":"closed","sticky":false,"template":"","format":"standard","meta":{"footnotes":""},"categories":[44],"tags":[34,49],"class_list":{"0":"post-29011","1":"post","2":"type-post","3":"status-publish","4":"format-standard","5":"has-post-thumbnail","7":"category-elecciones-2024","8":"tag-coacalco","9":"tag-david-sanchez"},"_links":{"self":[{"href":"https:\/\/foro1025.mx\/index.php?rest_route=\/wp\/v2\/posts\/29011","targetHints":{"allow":["GET"]}}],"collection":[{"href":"https:\/\/foro1025.mx\/index.php?rest_route=\/wp\/v2\/posts"}],"about":[{"href":"https:\/\/foro1025.mx\/index.php?rest_route=\/wp\/v2\/types\/post"}],"author":[{"embeddable":true,"href":"https:\/\/foro1025.mx\/index.php?rest_route=\/wp\/v2\/users\/1"}],"replies":[{"embeddable":true,"href":"https:\/\/foro1025.mx\/index.php?rest_route=%2Fwp%2Fv2%2Fcomments&post=29011"}],"version-history":[{"count":1,"href":"https:\/\/foro1025.mx\/index.php?rest_route=\/wp\/v2\/posts\/29011\/revisions"}],"predecessor-version":[{"id":29015,"href":"https:\/\/foro1025.mx\/index.php?rest_route=\/wp\/v2\/posts\/29011\/revisions\/29015"}],"wp:featuredmedia":[{"embeddable":true,"href":"https:\/\/foro1025.mx\/index.php?rest_route=\/wp\/v2\/media\/29012"}],"wp:attachment":[{"href":"https:\/\/foro1025.mx\/index.php?rest_route=%2Fwp%2Fv2%2Fmedia&parent=29011"}],"wp:term":[{"taxonomy":"category","embeddable":true,"href":"https:\/\/foro1025.mx\/index.php?rest_route=%2Fwp%2Fv2%2Fcategories&post=29011"},{"taxonomy":"post_tag","embeddable":true,"href":"https:\/\/foro1025.mx\/index.php?rest_route=%2Fwp%2Fv2%2Ftags&post=29011"}],"curies":[{"name":"wp","href":"https:\/\/api.w.org\/{rel}","templated":true}]}}