{"id":29088,"date":"2024-05-13T11:57:51","date_gmt":"2024-05-13T17:57:51","guid":{"rendered":"https:\/\/foro1025.mx\/?p=29088"},"modified":"2024-05-15T12:03:32","modified_gmt":"2024-05-15T18:03:32","slug":"se-fortalce-la-campana-de-la-maestra-esther-rodriguez","status":"publish","type":"post","link":"https:\/\/foro1025.mx\/?p=29088","title":{"rendered":"Se fortalece la campa\u00f1a de la maestra Esther Rodr\u00edguez"},"content":{"rendered":"<p class=\"p2\">Con la finalidad de fortalecer la intensa campa\u00f1a realizada por la candidata de la coalici\u00f3n \u00abSigamos Haciendo Historia\u00bb Maestra Esther Rodr\u00edguez, decenas de brigadistas del Partido Verde encabezados por la licenciada Carolina Guevara, candidata a regidora por<span class=\"Apple-converted-space\">\u00a0 <\/span>\u00e9ste Partido se sumaron a los trabajos qu\u00e9 realiza la Maestra, con un abrazo solidario y de compromiso sellaron el pacto de unidad entre ambos partidos, MORENA y el<span class=\"Apple-converted-space\">\u00a0 <\/span>VERDE.<\/p>\n<p class=\"p2\">Las calles y avenidas se pintaron de guinda y de Verde d\u00f3nde los brigadistas acompa\u00f1ados de las candidatas realizaron el toque de puertas y entrega de propaganda. Una ciudadan\u00eda entusiasta recibi\u00f3 con agrado a las candidatas ofreci\u00e9ndoles su apoyo y adem\u00e1s haci\u00e9ndoles saber su problem\u00e1tica.<\/p>\n<p><img loading=\"lazy\" decoding=\"async\" class=\"aligncenter size-large wp-image-29090\" src=\"https:\/\/foro1025.mx\/wp-content\/uploads\/2024\/05\/portada-1-14-1024x768.jpeg\" alt=\"\" width=\"1024\" height=\"768\" srcset=\"https:\/\/foro1025.mx\/wp-content\/uploads\/2024\/05\/portada-1-14-1024x768.jpeg 1024w, https:\/\/foro1025.mx\/wp-content\/uploads\/2024\/05\/portada-1-14-300x225.jpeg 300w, https:\/\/foro1025.mx\/wp-content\/uploads\/2024\/05\/portada-1-14-768x576.jpeg 768w, https:\/\/foro1025.mx\/wp-content\/uploads\/2024\/05\/portada-1-14-1536x1152.jpeg 1536w, https:\/\/foro1025.mx\/wp-content\/uploads\/2024\/05\/portada-1-14-678x509.jpeg 678w, https:\/\/foro1025.mx\/wp-content\/uploads\/2024\/05\/portada-1-14-326x245.jpeg 326w, https:\/\/foro1025.mx\/wp-content\/uploads\/2024\/05\/portada-1-14-80x60.jpeg 80w, https:\/\/foro1025.mx\/wp-content\/uploads\/2024\/05\/portada-1-14.jpeg 1600w\" sizes=\"auto, (max-width: 1024px) 100vw, 1024px\" \/><\/p>\n<p class=\"p2\">Aqu\u00ed<span class=\"Apple-converted-space\">\u00a0 <\/span>la candidata a la presidencia de Coacalco, ante la queja de los vecinos en el sentido del desperdicio del agua, se pronunci\u00f3 por una \u00abCULTURA DEL AGUA\u00bb, ya que enfatiz\u00f3 que se debe educar en los diferentes niveles escolares y en el hogar a tener un uso racional del agua y sobretodo educar para el reciclaje del tan vital l\u00edquido.<\/p>\n<p class=\"p2\">\u201cMe comprometo durante mi administraci\u00f3n para tener un suministro eficaz del agua y cobros justos\u201d.<\/p>\n<p><img loading=\"lazy\" decoding=\"async\" class=\"aligncenter size-large wp-image-29091\" src=\"https:\/\/foro1025.mx\/wp-content\/uploads\/2024\/05\/1147d949-c961-46b4-8e4c-44fb1c975dd6-768x1024.jpeg\" alt=\"\" width=\"768\" height=\"1024\" srcset=\"https:\/\/foro1025.mx\/wp-content\/uploads\/2024\/05\/1147d949-c961-46b4-8e4c-44fb1c975dd6-768x1024.jpeg 768w, https:\/\/foro1025.mx\/wp-content\/uploads\/2024\/05\/1147d949-c961-46b4-8e4c-44fb1c975dd6-225x300.jpeg 225w, https:\/\/foro1025.mx\/wp-content\/uploads\/2024\/05\/1147d949-c961-46b4-8e4c-44fb1c975dd6-1152x1536.jpeg 1152w, https:\/\/foro1025.mx\/wp-content\/uploads\/2024\/05\/1147d949-c961-46b4-8e4c-44fb1c975dd6.jpeg 1200w\" sizes=\"auto, (max-width: 768px) 100vw, 768px\" \/><\/p>\n<p class=\"p2\">En todos los lugares d\u00f3nde se hace campa\u00f1a es la inseguridad la qu\u00e9 prevalece como petici\u00f3n es por eso que la candidata de la coalici\u00f3n (MORENA,<span class=\"Apple-converted-space\">\u00a0 <\/span>PARTIDO VERDE Y<span class=\"Apple-converted-space\">\u00a0 <\/span>PARTIDO DEL TRABAJO) ha se\u00f1alado que se tendr\u00e1 en Coacalco a la mejor polic\u00eda y se tendr\u00e1 CERO CORRUPCI\u00d3N.<\/p>\n<p class=\"p2\">Para esto se tendr\u00e1 una estrecha colaboraci\u00f3n con el gobierno federal y el estatal.<\/p>\n<p class=\"p2\">Acompa\u00f1aron a la Maestra Mar\u00eda Esther Rodr\u00edguez las tambi\u00e9n candidatas Maestra Zanni Hern\u00e1ndez, Pamela Gonz\u00e1lez y Carolina Guevara.<\/p>\n","protected":false},"excerpt":{"rendered":"<div class=\"mh-excerpt\"><p>Con la finalidad de fortalecer la intensa campa\u00f1a realizada por la candidata de la coalici\u00f3n <a class=\"mh-excerpt-more\" href=\"https:\/\/foro1025.mx\/?p=29088\" title=\"Se fortalece la campa\u00f1a de la maestra Esther Rodr\u00edguez\">&#8230;<\/a><\/p>\n<\/div>","protected":false},"author":1,"featured_media":29089,"comment_status":"closed","ping_status":"closed","sticky":false,"template":"","format":"standard","meta":{"footnotes":""},"categories":[44],"tags":[34,59],"class_list":{"0":"post-29088","1":"post","2":"type-post","3":"status-publish","4":"format-standard","5":"has-post-thumbnail","7":"category-elecciones-2024","8":"tag-coacalco","9":"tag-esther-rodriguez"},"_links":{"self":[{"href":"https:\/\/foro1025.mx\/index.php?rest_route=\/wp\/v2\/posts\/29088","targetHints":{"allow":["GET"]}}],"collection":[{"href":"https:\/\/foro1025.mx\/index.php?rest_route=\/wp\/v2\/posts"}],"about":[{"href":"https:\/\/foro1025.mx\/index.php?rest_route=\/wp\/v2\/types\/post"}],"author":[{"embeddable":true,"href":"https:\/\/foro1025.mx\/index.php?rest_route=\/wp\/v2\/users\/1"}],"replies":[{"embeddable":true,"href":"https:\/\/foro1025.mx\/index.php?rest_route=%2Fwp%2Fv2%2Fcomments&post=29088"}],"version-history":[{"count":2,"href":"https:\/\/foro1025.mx\/index.php?rest_route=\/wp\/v2\/posts\/29088\/revisions"}],"predecessor-version":[{"id":29093,"href":"https:\/\/foro1025.mx\/index.php?rest_route=\/wp\/v2\/posts\/29088\/revisions\/29093"}],"wp:featuredmedia":[{"embeddable":true,"href":"https:\/\/foro1025.mx\/index.php?rest_route=\/wp\/v2\/media\/29089"}],"wp:attachment":[{"href":"https:\/\/foro1025.mx\/index.php?rest_route=%2Fwp%2Fv2%2Fmedia&parent=29088"}],"wp:term":[{"taxonomy":"category","embeddable":true,"href":"https:\/\/foro1025.mx\/index.php?rest_route=%2Fwp%2Fv2%2Fcategories&post=29088"},{"taxonomy":"post_tag","embeddable":true,"href":"https:\/\/foro1025.mx\/index.php?rest_route=%2Fwp%2Fv2%2Ftags&post=29088"}],"curies":[{"name":"wp","href":"https:\/\/api.w.org\/{rel}","templated":true}]}}