{"id":29104,"date":"2024-05-13T18:32:05","date_gmt":"2024-05-14T00:32:05","guid":{"rendered":"https:\/\/foro1025.mx\/?p=29104"},"modified":"2024-05-15T18:44:43","modified_gmt":"2024-05-16T00:44:43","slug":"prepara-secretaria-de-cultura-y-turismo-actividades-para-conmemorar-el-dia-internacional-de-los-museos","status":"publish","type":"post","link":"https:\/\/foro1025.mx\/?p=29104","title":{"rendered":"Prepara Secretar\u00eda de Cultura y Turismo actividades para conmemorar el D\u00eda Internacional de los Museos"},"content":{"rendered":"<p class=\"p3\"><b>TOLUCA<\/b>, Estado de M\u00e9xico.- Con motivo del D\u00eda Internacional de los Museos, que tiene lugar el 18 de mayo, la Secretar\u00eda de Cultura y Turismo se suma a esta conmemoraci\u00f3n y ofrece actividades para acercar a las y los mexiquenses al arte.<\/p>\n<p class=\"p3\">\u00a0En el Museo Arqueol\u00f3gico de Apaxco, a las 12:00 horas, inaugurar\u00e1n la exposici\u00f3n fotogr\u00e1fica: Arquitectura vern\u00e1cula del valle de Tequixquiac: un patrimonio en extinci\u00f3n.<\/p>\n<p class=\"p3\">En el Museo Regional de Acambay se exhibir\u00e1 una muestra de fotograf\u00edas del propio Museo de 10:00 a 18:00 horas.<\/p>\n<p class=\"p3\">\u00a0De igual forma, en el Museo Dr. Luis Mora, de Ocoyoacac, se ofrecer\u00e1 la charla \u201cMemoria de Ocoyoacac\u201d, una visita guiada a la exposici\u00f3n \u201cAgua. Fuente de vida\u201d, e impartir\u00e1n el taller \u201cArma tu Tlaloque\u201d de 11:00 a 14:00 horas.<\/p>\n<p class=\"p3\">\u00a0En el Museo Arqueol\u00f3gico de Valle de Bravo, habr\u00e1 una pl\u00e1tica acerca del origen de los Museos.<\/p>\n<p class=\"p3\">\u00a0En el Circuito Alameda, en Toluca, en el Museo de la Estampa, a las 13:00 horas, presentar\u00e1n<span class=\"s1\">\u2060<\/span>\u00a0la carpeta\u00a0\u201cGr\u00e1fica L\u00e1ser\u201d,\u00a0del programa Conexi\u00f3n Gr\u00e1fica.<\/p>\n<p><img loading=\"lazy\" decoding=\"async\" class=\"aligncenter size-large wp-image-29106\" src=\"https:\/\/foro1025.mx\/wp-content\/uploads\/2024\/05\/153-Museos-6-1024x682.jpeg\" alt=\"\" width=\"1024\" height=\"682\" srcset=\"https:\/\/foro1025.mx\/wp-content\/uploads\/2024\/05\/153-Museos-6-1024x682.jpeg 1024w, https:\/\/foro1025.mx\/wp-content\/uploads\/2024\/05\/153-Museos-6-300x200.jpeg 300w, https:\/\/foro1025.mx\/wp-content\/uploads\/2024\/05\/153-Museos-6-768x512.jpeg 768w, https:\/\/foro1025.mx\/wp-content\/uploads\/2024\/05\/153-Museos-6-1536x1023.jpeg 1536w, https:\/\/foro1025.mx\/wp-content\/uploads\/2024\/05\/153-Museos-6.jpeg 1600w\" sizes=\"auto, (max-width: 1024px) 100vw, 1024px\" \/><\/p>\n<p class=\"p3\">\u00a0Asimismo, en el Museo de la Acuarela, se proyectar\u00e1\u00a0un ciclo de conferencias\u00a0\u201cHistoria de Toluca vista a trav\u00e9s de la acuarela\u201d\u00a0a las 13:00 horas, y de 11:00 a 13:00 horas el Taller de Caligraf\u00eda y Lettering.<\/p>\n<p class=\"p3\">\u00a0En el Centro Cultural Mexiquense, en Toluca, en el Museo de Antropolog\u00eda e Historia se ofrecer\u00e1n visitas guiadas con la tem\u00e1tica \u00abInvestigaci\u00f3n arqueol\u00f3gica en el Valle de Toluca. Principales hallazgos\u00bb, de 10:00 a 18:00 horas.<\/p>\n<p class=\"p3\">En el Museo Arqueol\u00f3gico de San Miguel Ixtapan, en Tejupilco, presentar\u00e1n una muestra de fotograf\u00edas del Museo, de 10:00 a 18:00 horas; as\u00ed como el Museo Estatal de Miner\u00eda, en El Oro, impartir\u00e1n el Taller en el que se elaborar\u00e1 una geoda casera, a las 11:30 horas.<\/p>\n<p class=\"p3\">\u00a0Por su parte, en el Museo de Ciencias Naturales compartir\u00e1n \u00abEl mundo de las Con\u00edferas\u00bb, a las 11:00 horas y habr\u00e1 una exposici\u00f3n titulada \u00abBons\u00e1i Arte Vivo\u00bb, a las 12:00 horas.<\/p>\n<p class=\"p3\">\u00a0A las interesadas y los interesados en participar en estas actividades se les recomienda visitar las instalaciones de los museos en los horarios respectivos y ser parte de estas manifestaciones art\u00edsticas en el Estado de M\u00e9xico.<\/p>\n","protected":false},"excerpt":{"rendered":"<div class=\"mh-excerpt\"><p>TOLUCA, Estado de M\u00e9xico.- Con motivo del D\u00eda Internacional de los Museos, que tiene lugar <a class=\"mh-excerpt-more\" href=\"https:\/\/foro1025.mx\/?p=29104\" title=\"Prepara Secretar\u00eda de Cultura y Turismo actividades para conmemorar el D\u00eda Internacional de los Museos\">&#8230;<\/a><\/p>\n<\/div>","protected":false},"author":1,"featured_media":29105,"comment_status":"closed","ping_status":"closed","sticky":false,"template":"","format":"standard","meta":{"footnotes":""},"categories":[20,13],"tags":[],"class_list":{"0":"post-29104","1":"post","2":"type-post","3":"status-publish","4":"format-standard","5":"has-post-thumbnail","7":"category-cultura","8":"category-estado-de-mexico"},"_links":{"self":[{"href":"https:\/\/foro1025.mx\/index.php?rest_route=\/wp\/v2\/posts\/29104","targetHints":{"allow":["GET"]}}],"collection":[{"href":"https:\/\/foro1025.mx\/index.php?rest_route=\/wp\/v2\/posts"}],"about":[{"href":"https:\/\/foro1025.mx\/index.php?rest_route=\/wp\/v2\/types\/post"}],"author":[{"embeddable":true,"href":"https:\/\/foro1025.mx\/index.php?rest_route=\/wp\/v2\/users\/1"}],"replies":[{"embeddable":true,"href":"https:\/\/foro1025.mx\/index.php?rest_route=%2Fwp%2Fv2%2Fcomments&post=29104"}],"version-history":[{"count":1,"href":"https:\/\/foro1025.mx\/index.php?rest_route=\/wp\/v2\/posts\/29104\/revisions"}],"predecessor-version":[{"id":29107,"href":"https:\/\/foro1025.mx\/index.php?rest_route=\/wp\/v2\/posts\/29104\/revisions\/29107"}],"wp:featuredmedia":[{"embeddable":true,"href":"https:\/\/foro1025.mx\/index.php?rest_route=\/wp\/v2\/media\/29105"}],"wp:attachment":[{"href":"https:\/\/foro1025.mx\/index.php?rest_route=%2Fwp%2Fv2%2Fmedia&parent=29104"}],"wp:term":[{"taxonomy":"category","embeddable":true,"href":"https:\/\/foro1025.mx\/index.php?rest_route=%2Fwp%2Fv2%2Fcategories&post=29104"},{"taxonomy":"post_tag","embeddable":true,"href":"https:\/\/foro1025.mx\/index.php?rest_route=%2Fwp%2Fv2%2Ftags&post=29104"}],"curies":[{"name":"wp","href":"https:\/\/api.w.org\/{rel}","templated":true}]}}