{"id":29166,"date":"2024-05-17T16:30:08","date_gmt":"2024-05-17T22:30:08","guid":{"rendered":"https:\/\/foro1025.mx\/?p=29166"},"modified":"2024-05-17T16:48:14","modified_gmt":"2024-05-17T22:48:14","slug":"paco-santos-comprometido-en-generar-mayores-y-mejores-empleos-en-izcalli-tlalnepantla-y-atizapan","status":"publish","type":"post","link":"https:\/\/foro1025.mx\/?p=29166","title":{"rendered":"Paco Santos: Comprometido en generar mayores y mejores empleos en Izcalli, Tlalnepantla y Atizap\u00e1n"},"content":{"rendered":"<p class=\"p1\">El compromiso y la dedicaci\u00f3n de Paco Santos, candidato a diputado local del Distrito 26, contin\u00faa en ascenso, est\u00e1 vez busca contruir leyes que permitan mejores oportunidades de empleo para las y los mexiquenses.<\/p>\n<p class=\"p1\">En una reciente jornada de toque de puertas en la Unidad Fidel Vel\u00e1zquez, Paco Santos tuvo la oportunidad de escuchar directamente las preocupaciones y necesidades de los ciudadanos de su distrito, al tiempo que present\u00f3 sus propuestas enfocadas en impulsar los micronegocios y fomentar la creaci\u00f3n de empleo.<\/p>\n<p><img loading=\"lazy\" decoding=\"async\" class=\"aligncenter size-large wp-image-29168\" src=\"https:\/\/foro1025.mx\/wp-content\/uploads\/2024\/05\/1-OK-1-1-1024x684.jpeg\" alt=\"\" width=\"1024\" height=\"684\" srcset=\"https:\/\/foro1025.mx\/wp-content\/uploads\/2024\/05\/1-OK-1-1-1024x684.jpeg 1024w, https:\/\/foro1025.mx\/wp-content\/uploads\/2024\/05\/1-OK-1-1-300x200.jpeg 300w, https:\/\/foro1025.mx\/wp-content\/uploads\/2024\/05\/1-OK-1-1-768x513.jpeg 768w, https:\/\/foro1025.mx\/wp-content\/uploads\/2024\/05\/1-OK-1-1-1536x1025.jpeg 1536w, https:\/\/foro1025.mx\/wp-content\/uploads\/2024\/05\/1-OK-1-1.jpeg 1600w\" sizes=\"auto, (max-width: 1024px) 100vw, 1024px\" \/><\/p>\n<p class=\"p1\">Paco Santos se comprometi\u00f3 a legislar para establecer ventanillas expr\u00e9s en todos los municipios, facilitando as\u00ed a los emprendedores del Estado de M\u00e9xico el acceso a cr\u00e9ditos para iniciar o expandir sus micronegocios, con un plazo de gracia de tres meses.<\/p>\n<p class=\"p1\">Esta iniciativa no solo busca impulsar la econom\u00eda local, sino tambi\u00e9n generar m\u00e1s y mejores oportunidades de empleo tanto en su distrito como en todo el Edomex.<\/p>\n<p class=\"p1\">La interacci\u00f3n cercana con los vecinos permiti\u00f3 que Paco Santos tuviera un intercambio de ideas y soluciones para las comunidades, reafirmando el compromiso que tiene con toda la gente que ha depositado su confianza en \u00e9l.<\/p>\n<p><img loading=\"lazy\" decoding=\"async\" class=\"aligncenter size-large wp-image-29169\" src=\"https:\/\/foro1025.mx\/wp-content\/uploads\/2024\/05\/2-OK--1024x684.jpeg\" alt=\"\" width=\"1024\" height=\"684\" srcset=\"https:\/\/foro1025.mx\/wp-content\/uploads\/2024\/05\/2-OK--1024x684.jpeg 1024w, https:\/\/foro1025.mx\/wp-content\/uploads\/2024\/05\/2-OK--300x200.jpeg 300w, https:\/\/foro1025.mx\/wp-content\/uploads\/2024\/05\/2-OK--768x513.jpeg 768w, https:\/\/foro1025.mx\/wp-content\/uploads\/2024\/05\/2-OK--1536x1025.jpeg 1536w, https:\/\/foro1025.mx\/wp-content\/uploads\/2024\/05\/2-OK-.jpeg 1600w\" sizes=\"auto, (max-width: 1024px) 100vw, 1024px\" \/><\/p>\n<p class=\"p1\">Adem\u00e1s, la \u00abRuta Paquirr\u00edn\u00bb lleg\u00f3 a la Unidad Ni\u00f1os H\u00e9roes para que los vecinos de la comunidad pudieran disfrutar de una serie de actividades recreativas y de entretenimiento destinadas a los m\u00e1s peque\u00f1os del hogar.<\/p>\n<p class=\"p1\">La ruta sigue su camino por el Distrito 26 con un buen recibimiento y entusiasmo entre los ciudadanos, ya que impulsa el arte y la cultura.<\/p>\n<p class=\"p1\">Paco Santos continuara trabajando IMPARABLEMENTE para construir un futuro mejor<span class=\"Apple-converted-space\">\u00a0 <\/span>demostrando su compromiso con el progreso y el bienestar del Distrito 26.<\/p>\n","protected":false},"excerpt":{"rendered":"<div class=\"mh-excerpt\"><p>El compromiso y la dedicaci\u00f3n de Paco Santos, candidato a diputado local del Distrito 26, <a class=\"mh-excerpt-more\" href=\"https:\/\/foro1025.mx\/?p=29166\" title=\"Paco Santos: Comprometido en generar mayores y mejores empleos en Izcalli, Tlalnepantla y Atizap\u00e1n\">&#8230;<\/a><\/p>\n<\/div>","protected":false},"author":1,"featured_media":29167,"comment_status":"closed","ping_status":"closed","sticky":false,"template":"","format":"standard","meta":{"footnotes":""},"categories":[44],"tags":[61,62],"class_list":{"0":"post-29166","1":"post","2":"type-post","3":"status-publish","4":"format-standard","5":"has-post-thumbnail","7":"category-elecciones-2024","8":"tag-cuautitlan-izcalli","9":"tag-paco-santos"},"_links":{"self":[{"href":"https:\/\/foro1025.mx\/index.php?rest_route=\/wp\/v2\/posts\/29166","targetHints":{"allow":["GET"]}}],"collection":[{"href":"https:\/\/foro1025.mx\/index.php?rest_route=\/wp\/v2\/posts"}],"about":[{"href":"https:\/\/foro1025.mx\/index.php?rest_route=\/wp\/v2\/types\/post"}],"author":[{"embeddable":true,"href":"https:\/\/foro1025.mx\/index.php?rest_route=\/wp\/v2\/users\/1"}],"replies":[{"embeddable":true,"href":"https:\/\/foro1025.mx\/index.php?rest_route=%2Fwp%2Fv2%2Fcomments&post=29166"}],"version-history":[{"count":1,"href":"https:\/\/foro1025.mx\/index.php?rest_route=\/wp\/v2\/posts\/29166\/revisions"}],"predecessor-version":[{"id":29170,"href":"https:\/\/foro1025.mx\/index.php?rest_route=\/wp\/v2\/posts\/29166\/revisions\/29170"}],"wp:featuredmedia":[{"embeddable":true,"href":"https:\/\/foro1025.mx\/index.php?rest_route=\/wp\/v2\/media\/29167"}],"wp:attachment":[{"href":"https:\/\/foro1025.mx\/index.php?rest_route=%2Fwp%2Fv2%2Fmedia&parent=29166"}],"wp:term":[{"taxonomy":"category","embeddable":true,"href":"https:\/\/foro1025.mx\/index.php?rest_route=%2Fwp%2Fv2%2Fcategories&post=29166"},{"taxonomy":"post_tag","embeddable":true,"href":"https:\/\/foro1025.mx\/index.php?rest_route=%2Fwp%2Fv2%2Ftags&post=29166"}],"curies":[{"name":"wp","href":"https:\/\/api.w.org\/{rel}","templated":true}]}}