{"id":29177,"date":"2024-05-16T16:59:36","date_gmt":"2024-05-16T22:59:36","guid":{"rendered":"https:\/\/foro1025.mx\/?p=29177"},"modified":"2024-05-17T17:01:00","modified_gmt":"2024-05-17T23:01:00","slug":"karla-fiesco-volvera-a-ser-la-presidenta-de-cuautitlan-izcalli","status":"publish","type":"post","link":"https:\/\/foro1025.mx\/?p=29177","title":{"rendered":"Karla Fiesco volver\u00e1 a ser la presidenta de Cuautitl\u00e1n Izcalli"},"content":{"rendered":"<p class=\"p1\">La candidata a la presidencia municipal de Cuautitl\u00e1n Izcalli por la coalici\u00f3n Fuerza y Coraz\u00f3n por EDOM\u00c9X, Karla Fiesco Garc\u00eda,<span class=\"Apple-converted-space\">\u00a0 <\/span>representa el orden y estabilidad que vive hoy el municipio por lo que sin duda volver\u00e1 a ser la presidenta de Izcalli, asegur\u00f3 Jorge Romero Herrera, coordinador del Grupo Parlamentario del PAN y presidente de la Junta de Coordinaci\u00f3n Pol\u00edtica.<\/p>\n<p class=\"p1\">En su visita a Ensue\u00f1os Fiesco Garc\u00eda, cont\u00f3 con el apoyo de los presidentes y l\u00edderes municipales del PAN PRI, PRD, Nueva Alianza, el Frente C\u00edvico, la sociedad civil organizada, vecinas y vecinos simpatizantes.<\/p>\n<p class=\"p1\">Afirm\u00f3 que hace tres a\u00f1os inici\u00f3 su trabajo con una fe inquebrantable para recuperar la seguridad, confianza y estabilidad de Izcalli y que hoy, ya existe orden y resultados gracias al trabajo de todas y todos los izcallenses.<\/p>\n<p><img loading=\"lazy\" decoding=\"async\" class=\"aligncenter size-large wp-image-29178\" src=\"https:\/\/foro1025.mx\/wp-content\/uploads\/2024\/05\/LA-BUENA-OK-1024x682.jpeg\" alt=\"\" width=\"1024\" height=\"682\" srcset=\"https:\/\/foro1025.mx\/wp-content\/uploads\/2024\/05\/LA-BUENA-OK-1024x682.jpeg 1024w, https:\/\/foro1025.mx\/wp-content\/uploads\/2024\/05\/LA-BUENA-OK-300x200.jpeg 300w, https:\/\/foro1025.mx\/wp-content\/uploads\/2024\/05\/LA-BUENA-OK-768x512.jpeg 768w, https:\/\/foro1025.mx\/wp-content\/uploads\/2024\/05\/LA-BUENA-OK.jpeg 1280w\" sizes=\"auto, (max-width: 1024px) 100vw, 1024px\" \/><\/p>\n<p class=\"p1\">\u00abHabr\u00e1 m\u00e1s resultados para un Izcalli seguro, ordenado, incluyente y que quiere vivir en paz; es un orgullo estar acompa\u00f1ada de la planilla con la que estaremos gobernando en 2025\u201d, enfatiz\u00f3 Karla Fiesco.<\/p>\n<p class=\"p1\">En el evento la acompa\u00f1aron Joanna F. Torres y Paco Santos, aspirantes al congreso mexiquense,<span class=\"Apple-converted-space\">\u00a0 <\/span>Paco Rojas candidato al Congreso Federal, adem\u00e1s del representante del PAN ante el INE, V\u00edctor Hugo Sond\u00f3n y la planilla de la candidata.<\/p>\n<p class=\"p1\">\u00abEl d\u00eda de la elecci\u00f3n se tomar\u00e1 la decisi\u00f3n m\u00e1s importante para los pr\u00f3ximos 6 a\u00f1os, el voto debe ser con sentido de calificaci\u00f3n, el que est\u00e1 gobernando puede pedirte el voto si hace bien las cosas y por eso Karla Fiesco volver\u00e1 a ser alcaldesa de Izcalli. Voten por la persona porque si esa persona es un buen ser humano va ser un buen servidor p\u00fablico, va hacer un buen gobierno\u00bb, se\u00f1al\u00f3 Romero Herrera.<\/p>\n<p class=\"p1\">El l\u00edder estatal del PAN, Anuar Azar, insisti\u00f3 en la importancia que tiene el pr\u00f3ximo 2 de junio, adem\u00e1s reconoci\u00f3 el trabajo e impulso que han dado a la campa\u00f1a tanto los simpatizantes como la ciudadan\u00eda izcallense y que ya han marcado el rumbo de la elecci\u00f3n.<\/p>\n<p class=\"p1\">\u201cLo que est\u00e1 en juego este 2 de junio es el futuro de las ni\u00f1as y ni\u00f1os, su libertad, la democracia la educaci\u00f3n y la salud en M\u00e9xico\u201d \u00abQuiero agradecer el trabajo de todos las y los l\u00edderes, de la gente libre, voluntaria, porque son el motor, la fuerza, la energ\u00eda de los triunfos que vamos a obtener el pr\u00f3ximo 2 de junio\u00bb, puntualiz\u00f3.<\/p>\n<p class=\"p1\">Al grito de \u00abpresidenta, presidenta\u00bb, Karla Fiesco remat\u00f3: \u00abtenemos 17 d\u00edas para hablar de resultados, de la certeza y que el trabajo contin\u00faa porque este 2 de junio vamos a ganar\u00bb.<\/p>\n","protected":false},"excerpt":{"rendered":"<div class=\"mh-excerpt\"><p>La candidata a la presidencia municipal de Cuautitl\u00e1n Izcalli por la coalici\u00f3n Fuerza y Coraz\u00f3n <a class=\"mh-excerpt-more\" href=\"https:\/\/foro1025.mx\/?p=29177\" title=\"Karla Fiesco volver\u00e1 a ser la presidenta de Cuautitl\u00e1n Izcalli\">&#8230;<\/a><\/p>\n<\/div>","protected":false},"author":1,"featured_media":29179,"comment_status":"closed","ping_status":"closed","sticky":false,"template":"","format":"standard","meta":{"footnotes":""},"categories":[44],"tags":[61,60],"class_list":{"0":"post-29177","1":"post","2":"type-post","3":"status-publish","4":"format-standard","5":"has-post-thumbnail","7":"category-elecciones-2024","8":"tag-cuautitlan-izcalli","9":"tag-karla-fiesco"},"_links":{"self":[{"href":"https:\/\/foro1025.mx\/index.php?rest_route=\/wp\/v2\/posts\/29177","targetHints":{"allow":["GET"]}}],"collection":[{"href":"https:\/\/foro1025.mx\/index.php?rest_route=\/wp\/v2\/posts"}],"about":[{"href":"https:\/\/foro1025.mx\/index.php?rest_route=\/wp\/v2\/types\/post"}],"author":[{"embeddable":true,"href":"https:\/\/foro1025.mx\/index.php?rest_route=\/wp\/v2\/users\/1"}],"replies":[{"embeddable":true,"href":"https:\/\/foro1025.mx\/index.php?rest_route=%2Fwp%2Fv2%2Fcomments&post=29177"}],"version-history":[{"count":1,"href":"https:\/\/foro1025.mx\/index.php?rest_route=\/wp\/v2\/posts\/29177\/revisions"}],"predecessor-version":[{"id":29180,"href":"https:\/\/foro1025.mx\/index.php?rest_route=\/wp\/v2\/posts\/29177\/revisions\/29180"}],"wp:featuredmedia":[{"embeddable":true,"href":"https:\/\/foro1025.mx\/index.php?rest_route=\/wp\/v2\/media\/29179"}],"wp:attachment":[{"href":"https:\/\/foro1025.mx\/index.php?rest_route=%2Fwp%2Fv2%2Fmedia&parent=29177"}],"wp:term":[{"taxonomy":"category","embeddable":true,"href":"https:\/\/foro1025.mx\/index.php?rest_route=%2Fwp%2Fv2%2Fcategories&post=29177"},{"taxonomy":"post_tag","embeddable":true,"href":"https:\/\/foro1025.mx\/index.php?rest_route=%2Fwp%2Fv2%2Ftags&post=29177"}],"curies":[{"name":"wp","href":"https:\/\/api.w.org\/{rel}","templated":true}]}}