{"id":29242,"date":"2024-05-19T18:59:43","date_gmt":"2024-05-20T00:59:43","guid":{"rendered":"https:\/\/foro1025.mx\/?p=29242"},"modified":"2024-05-19T18:59:43","modified_gmt":"2024-05-20T00:59:43","slug":"mas-seguridad-para-atraer-inversiones-y-fomentar-el-crecimiento-empresarial-karla-fiesco","status":"publish","type":"post","link":"https:\/\/foro1025.mx\/?p=29242","title":{"rendered":"\u00abM\u00e1s seguridad para atraer inversiones y fomentar el crecimiento empresarial\u00bb Karla Fiesco"},"content":{"rendered":"<p class=\"p1\">Al reunirse con integrantes de la Asociaci\u00f3n de Empresarios y Ciudadanos del Estado de M\u00e9xicco (ASECEM), Karla Fiesco, candidata de la coalici\u00f3n Fuerza y Coraz\u00f3n por EDOMEX, se comprometi\u00f3 con los empresarios a seguir fortaleciendo la seguridad, el mantenimiento de vialidades en las zonas industriales e impulsar la innovaci\u00f3n en la realizaci\u00f3n de tr\u00e1mites.<\/p>\n<p class=\"p1\">\u201cLa seguridad es un factor clave para atraer inversiones y fomentar el crecimiento empresarial. Estaremos trabajando de cerca con el sector empresarial para continuar con soluciones efectivas que beneficien a toda la comunidad\u00bb afirm\u00f3 Fiesco Garc\u00eda.<\/p>\n<p><img loading=\"lazy\" decoding=\"async\" class=\"aligncenter size-large wp-image-29244\" src=\"https:\/\/foro1025.mx\/wp-content\/uploads\/2024\/05\/okPORTADA-1024x768.jpeg\" alt=\"\" width=\"1024\" height=\"768\" srcset=\"https:\/\/foro1025.mx\/wp-content\/uploads\/2024\/05\/okPORTADA-1024x768.jpeg 1024w, https:\/\/foro1025.mx\/wp-content\/uploads\/2024\/05\/okPORTADA-300x225.jpeg 300w, https:\/\/foro1025.mx\/wp-content\/uploads\/2024\/05\/okPORTADA-768x576.jpeg 768w, https:\/\/foro1025.mx\/wp-content\/uploads\/2024\/05\/okPORTADA-1536x1152.jpeg 1536w, https:\/\/foro1025.mx\/wp-content\/uploads\/2024\/05\/okPORTADA-2048x1536.jpeg 2048w, https:\/\/foro1025.mx\/wp-content\/uploads\/2024\/05\/okPORTADA-678x509.jpeg 678w, https:\/\/foro1025.mx\/wp-content\/uploads\/2024\/05\/okPORTADA-326x245.jpeg 326w, https:\/\/foro1025.mx\/wp-content\/uploads\/2024\/05\/okPORTADA-80x60.jpeg 80w\" sizes=\"auto, (max-width: 1024px) 100vw, 1024px\" \/><\/p>\n<p class=\"p1\">En la reuni\u00f3n la candidata coment\u00f3<span class=\"Apple-converted-space\">\u00a0 <\/span>que a lo largo de 2 a\u00f1os y medio se invirti\u00f3 en seguridad y tecnolog\u00eda, apostando al blindaje de los parques industriales y haciendo conexi\u00f3n con el C4 para la tranquilidad de trabajadores y empresarios.<\/p>\n<p class=\"p1\">Ahora, una de las acciones que se ver\u00e1n en el pr\u00f3ximo gobierno de Karla Fiesco es la rehabilitaci\u00f3n y modernizaci\u00f3n de los parabuses con iluminaci\u00f3n, c\u00e1maras de seguridad, botones de auxilio e Internet, priorizando la zona industrial, carreteras y zonas escolares.<\/p>\n<p class=\"p1\">El presidente de ASECEM, Ra\u00fal Chaparro, solicit\u00f3 a Fiesco Garc\u00eda, y el candidato a<span class=\"Apple-converted-space\">\u00a0 <\/span>la diputaci\u00f3n federal, Paco Rojas,<span class=\"Apple-converted-space\">\u00a0 <\/span>que los inversionistas sean apoyados para generar m\u00e1s empleos en la regi\u00f3n.<\/p>\n<p class=\"p1\">\u201cUstedes son un pilar fundamental en el fortalecimiento de la econom\u00eda y el empleo.<span class=\"Apple-converted-space\">\u00a0 <\/span>Izcalli hoy est\u00e1 posicionado como el municipio con la quinta econom\u00eda m\u00e1s fuerte del Edomex, y con su apoyo, seguiremos avanzando\u201d, puntualiz\u00f3<span class=\"Apple-converted-space\">\u00a0 <\/span>Fiesco Garc\u00eda.<\/p>\n<p class=\"p1\">En ese contexto, actualmente Cuautitl\u00e1n Izcalli cuenta con 12 parques industriales y m\u00e1s de 21 mil unidades econ\u00f3micas en el municipio y, hasta el momento, se han entregado m\u00e1s de 2 mil 380 licencias permanentes con lo que se facilita la operatividad y se impulsa el cumplimiento del sector empresarial, comercial y de servicios.<\/p>\n<p class=\"p1\">Adem\u00e1s se prev\u00e9n cajeros autom\u00e1ticos para imprimir licencias, c\u00e9dulas de zonificaci\u00f3n y dict\u00e1menes de Protecci\u00f3n Civil.<\/p>\n","protected":false},"excerpt":{"rendered":"<div class=\"mh-excerpt\"><p>Al reunirse con integrantes de la Asociaci\u00f3n de Empresarios y Ciudadanos del Estado de M\u00e9xicco <a class=\"mh-excerpt-more\" href=\"https:\/\/foro1025.mx\/?p=29242\" title=\"\u00abM\u00e1s seguridad para atraer inversiones y fomentar el crecimiento empresarial\u00bb Karla Fiesco\">&#8230;<\/a><\/p>\n<\/div>","protected":false},"author":1,"featured_media":29243,"comment_status":"closed","ping_status":"closed","sticky":false,"template":"","format":"standard","meta":{"footnotes":""},"categories":[44],"tags":[61,60],"class_list":{"0":"post-29242","1":"post","2":"type-post","3":"status-publish","4":"format-standard","5":"has-post-thumbnail","7":"category-elecciones-2024","8":"tag-cuautitlan-izcalli","9":"tag-karla-fiesco"},"_links":{"self":[{"href":"https:\/\/foro1025.mx\/index.php?rest_route=\/wp\/v2\/posts\/29242","targetHints":{"allow":["GET"]}}],"collection":[{"href":"https:\/\/foro1025.mx\/index.php?rest_route=\/wp\/v2\/posts"}],"about":[{"href":"https:\/\/foro1025.mx\/index.php?rest_route=\/wp\/v2\/types\/post"}],"author":[{"embeddable":true,"href":"https:\/\/foro1025.mx\/index.php?rest_route=\/wp\/v2\/users\/1"}],"replies":[{"embeddable":true,"href":"https:\/\/foro1025.mx\/index.php?rest_route=%2Fwp%2Fv2%2Fcomments&post=29242"}],"version-history":[{"count":1,"href":"https:\/\/foro1025.mx\/index.php?rest_route=\/wp\/v2\/posts\/29242\/revisions"}],"predecessor-version":[{"id":29245,"href":"https:\/\/foro1025.mx\/index.php?rest_route=\/wp\/v2\/posts\/29242\/revisions\/29245"}],"wp:featuredmedia":[{"embeddable":true,"href":"https:\/\/foro1025.mx\/index.php?rest_route=\/wp\/v2\/media\/29243"}],"wp:attachment":[{"href":"https:\/\/foro1025.mx\/index.php?rest_route=%2Fwp%2Fv2%2Fmedia&parent=29242"}],"wp:term":[{"taxonomy":"category","embeddable":true,"href":"https:\/\/foro1025.mx\/index.php?rest_route=%2Fwp%2Fv2%2Fcategories&post=29242"},{"taxonomy":"post_tag","embeddable":true,"href":"https:\/\/foro1025.mx\/index.php?rest_route=%2Fwp%2Fv2%2Ftags&post=29242"}],"curies":[{"name":"wp","href":"https:\/\/api.w.org\/{rel}","templated":true}]}}