{"id":29363,"date":"2024-05-21T19:28:22","date_gmt":"2024-05-22T01:28:22","guid":{"rendered":"https:\/\/foro1025.mx\/?p=29363"},"modified":"2024-05-22T19:38:43","modified_gmt":"2024-05-23T01:38:43","slug":"por-su-liderazgo-y-congruencia-ex-presidentes-municipales-del-pri-de-todo-el-estado-trabajaran-a-favor-de-enrique-vargas","status":"publish","type":"post","link":"https:\/\/foro1025.mx\/?p=29363","title":{"rendered":"Por su liderazgo y congruencia, ex presidentes municipales del PRI de todo el estado trabajar\u00e1n a favor de Enrique Vargas"},"content":{"rendered":"<p class=\"p2\">Por su congruencia, trabajo, inclusi\u00f3n, apertura y constancia, Enrique Vargas del Villar es una buena carta de presentaci\u00f3n ante la gente del Estado de M\u00e9xico, por ello ex presidentes municipales, ex diputados, ex s\u00edndicos y ex regidores priistas, respaldaron al candidato al Senado por la Coalici\u00f3n Fuerza y Coraz\u00f3n por M\u00e9xicoSin dejar su filiaci\u00f3n partidista, en conferencia de prensa, los ex servidores p\u00fablicos, resaltaron que creen en la coalici\u00f3n Fuerza y Coraz\u00f3n por M\u00e9xico, por lo que desde sus territorios trabajar\u00e1n para que X\u00f3chitl G\u00e1lvez gane la presidencia de la Rep\u00fablica, Enrique Vargas del Villar y Brenda Alvarado lleguen a ocupar un esca\u00f1o en el Senado, adem\u00e1s de las y los candidatos a la diputaciones federales.<\/p>\n<p><img loading=\"lazy\" decoding=\"async\" class=\"aligncenter size-large wp-image-29364\" src=\"https:\/\/foro1025.mx\/wp-content\/uploads\/2024\/05\/1-15-1024x625.jpeg\" alt=\"\" width=\"1024\" height=\"625\" srcset=\"https:\/\/foro1025.mx\/wp-content\/uploads\/2024\/05\/1-15-1024x625.jpeg 1024w, https:\/\/foro1025.mx\/wp-content\/uploads\/2024\/05\/1-15-300x183.jpeg 300w, https:\/\/foro1025.mx\/wp-content\/uploads\/2024\/05\/1-15-768x469.jpeg 768w, https:\/\/foro1025.mx\/wp-content\/uploads\/2024\/05\/1-15-1536x938.jpeg 1536w, https:\/\/foro1025.mx\/wp-content\/uploads\/2024\/05\/1-15.jpeg 1599w\" sizes=\"auto, (max-width: 1024px) 100vw, 1024px\" \/><\/p>\n<p class=\"p2\">El candidato por la Coalici\u00f3n Fuerza y Coraz\u00f3n por M\u00e9xico, Enrique Vargas del Villar, agradeci\u00f3 el apoyo y respaldo de estos liderazgos pol\u00edticos de todo el Estado de M\u00e9xico, ya que fortalecer\u00e1 el triunfo de la candidata presidencial y la f\u00f3rmula que encabeza con Brenda. \u201cSomos un solo equipo y el equipo es M\u00e9xico y el estado de M\u00e9xico\u201d, puntualiz\u00f3.<b>\u00a0\u00a0<\/b><\/p>\n<p class=\"p2\">El abanderado aliancista insisti\u00f3 en que el pr\u00f3ximo 2 de junio, se necesita recuperar el seguro popular, la salud, la seguridad y todo lo que este gobierno federal quit\u00f3 porque no se va a permitir que sigan da\u00f1ando al pa\u00eds.<\/p>\n<p class=\"p2\">X\u00f3chitl Ram\u00edrez ex presidenta municipal de Tequixquiac, recalc\u00f3 ante sus correligionarios que no pueden estar alejados, ni ap\u00e1ticos, ni distantes de lo que est\u00e1 pasando en el Estado de M\u00e9xico y en el pa\u00eds. \u201cEx presidentes municipales, regidores, diputados creemos en la coalici\u00f3n Fuerza y Coraz\u00f3n por M\u00e9xico, en donde cada uno de nosotros, desde nuestra trinchera haremos ganar a nuestros candidatos\u201d, destac\u00f3.<\/p>\n<p><img loading=\"lazy\" decoding=\"async\" class=\"aligncenter size-large wp-image-29366\" src=\"https:\/\/foro1025.mx\/wp-content\/uploads\/2024\/05\/PORTADA-16-1024x576.jpeg\" alt=\"\" width=\"1024\" height=\"576\" srcset=\"https:\/\/foro1025.mx\/wp-content\/uploads\/2024\/05\/PORTADA-16-1024x576.jpeg 1024w, https:\/\/foro1025.mx\/wp-content\/uploads\/2024\/05\/PORTADA-16-300x169.jpeg 300w, https:\/\/foro1025.mx\/wp-content\/uploads\/2024\/05\/PORTADA-16-768x432.jpeg 768w, https:\/\/foro1025.mx\/wp-content\/uploads\/2024\/05\/PORTADA-16-1536x864.jpeg 1536w, https:\/\/foro1025.mx\/wp-content\/uploads\/2024\/05\/PORTADA-16-678x381.jpeg 678w, https:\/\/foro1025.mx\/wp-content\/uploads\/2024\/05\/PORTADA-16.jpeg 1600w\" sizes=\"auto, (max-width: 1024px) 100vw, 1024px\" \/><\/p>\n<p class=\"p2\">Gerardo Liceaga, ex alcalde de Teoloyucan resalt\u00f3 la importancia de salir a votar el pr\u00f3ximo 2 de junio, desde temprana hora y sin odios, teniendo claro que la etiqueta hoy no es de partidos sino que la \u201cetiqueta se llama M\u00e9xico\u201d.<\/p>\n<p class=\"p2\">Guillermina Casique, ex presidenta municipal de Amatepec, confi\u00f3 en que Enrique Vargas les represente, ya que es una buena carta de presentaci\u00f3n para pedir el voto por la coalici\u00f3n Fuerza y Coraz\u00f3n por M\u00e9xico. En tanto, Juan S\u00e1nchez, ex edil de Amecameca, asegur\u00f3 que no se necesita ser panistas para apoyar a Enrique. \u201cVamos a ir contigo porque vas a defender a las y los mexiquenses\u201d.<\/p>\n","protected":false},"excerpt":{"rendered":"<div class=\"mh-excerpt\"><p>Por su congruencia, trabajo, inclusi\u00f3n, apertura y constancia, Enrique Vargas del Villar es una buena <a class=\"mh-excerpt-more\" href=\"https:\/\/foro1025.mx\/?p=29363\" title=\"Por su liderazgo y congruencia, ex presidentes municipales del PRI de todo el estado trabajar\u00e1n a favor de Enrique Vargas\">&#8230;<\/a><\/p>\n<\/div>","protected":false},"author":1,"featured_media":29365,"comment_status":"closed","ping_status":"closed","sticky":false,"template":"","format":"standard","meta":{"footnotes":""},"categories":[44],"tags":[67,32,58],"class_list":{"0":"post-29363","1":"post","2":"type-post","3":"status-publish","4":"format-standard","5":"has-post-thumbnail","7":"category-elecciones-2024","8":"tag-enrique-vargas","9":"tag-estado-de-mexico","10":"tag-tlalnepantla-de-baz"},"_links":{"self":[{"href":"https:\/\/foro1025.mx\/index.php?rest_route=\/wp\/v2\/posts\/29363","targetHints":{"allow":["GET"]}}],"collection":[{"href":"https:\/\/foro1025.mx\/index.php?rest_route=\/wp\/v2\/posts"}],"about":[{"href":"https:\/\/foro1025.mx\/index.php?rest_route=\/wp\/v2\/types\/post"}],"author":[{"embeddable":true,"href":"https:\/\/foro1025.mx\/index.php?rest_route=\/wp\/v2\/users\/1"}],"replies":[{"embeddable":true,"href":"https:\/\/foro1025.mx\/index.php?rest_route=%2Fwp%2Fv2%2Fcomments&post=29363"}],"version-history":[{"count":1,"href":"https:\/\/foro1025.mx\/index.php?rest_route=\/wp\/v2\/posts\/29363\/revisions"}],"predecessor-version":[{"id":29367,"href":"https:\/\/foro1025.mx\/index.php?rest_route=\/wp\/v2\/posts\/29363\/revisions\/29367"}],"wp:featuredmedia":[{"embeddable":true,"href":"https:\/\/foro1025.mx\/index.php?rest_route=\/wp\/v2\/media\/29365"}],"wp:attachment":[{"href":"https:\/\/foro1025.mx\/index.php?rest_route=%2Fwp%2Fv2%2Fmedia&parent=29363"}],"wp:term":[{"taxonomy":"category","embeddable":true,"href":"https:\/\/foro1025.mx\/index.php?rest_route=%2Fwp%2Fv2%2Fcategories&post=29363"},{"taxonomy":"post_tag","embeddable":true,"href":"https:\/\/foro1025.mx\/index.php?rest_route=%2Fwp%2Fv2%2Ftags&post=29363"}],"curies":[{"name":"wp","href":"https:\/\/api.w.org\/{rel}","templated":true}]}}