{"id":29458,"date":"2024-05-24T19:16:13","date_gmt":"2024-05-25T01:16:13","guid":{"rendered":"https:\/\/foro1025.mx\/?p=29458"},"modified":"2024-05-26T19:18:07","modified_gmt":"2024-05-27T01:18:07","slug":"llama-enrique-vargas-a-votar-el-2-de-junio","status":"publish","type":"post","link":"https:\/\/foro1025.mx\/?p=29458","title":{"rendered":"Llama Enrique Vargas a votar el 2 de Junio"},"content":{"rendered":"<p class=\"p2\">Con un fuerte llamado a salir a votar el pr\u00f3ximo 2 de junio, el candidato al Senado de la Rep\u00fablica por la Coalici\u00f3n Fuerza y Coraz\u00f3n por M\u00e9xico, Enrique Vargas del Villar, se reuni\u00f3 con habitantes de Metepec.<\/p>\n<p class=\"p2\">Insisti\u00f3, en que el 2 de junio desde muy temprana hora deben acudir a las casillas y ejercer su derecho al voto, pues hoy se est\u00e1 en la posibilidad real de ganar la presidencia de la Rep\u00fablica con X\u00f3chitl G\u00e1lvez.<\/p>\n<p><img loading=\"lazy\" decoding=\"async\" class=\"aligncenter size-large wp-image-29459\" src=\"https:\/\/foro1025.mx\/wp-content\/uploads\/2024\/05\/COM.-62-2-1024x576.jpeg\" alt=\"\" width=\"1024\" height=\"576\" srcset=\"https:\/\/foro1025.mx\/wp-content\/uploads\/2024\/05\/COM.-62-2-1024x576.jpeg 1024w, https:\/\/foro1025.mx\/wp-content\/uploads\/2024\/05\/COM.-62-2-300x169.jpeg 300w, https:\/\/foro1025.mx\/wp-content\/uploads\/2024\/05\/COM.-62-2-768x432.jpeg 768w, https:\/\/foro1025.mx\/wp-content\/uploads\/2024\/05\/COM.-62-2-1536x864.jpeg 1536w, https:\/\/foro1025.mx\/wp-content\/uploads\/2024\/05\/COM.-62-2-678x381.jpeg 678w, https:\/\/foro1025.mx\/wp-content\/uploads\/2024\/05\/COM.-62-2.jpeg 1599w\" sizes=\"auto, (max-width: 1024px) 100vw, 1024px\" \/><\/p>\n<p class=\"p2\">Precis\u00f3 que la narrativa de Morena de que est\u00e1n arriba en las preferencias electorales es completamente falsa, y en estos momentos se est\u00e1 en un empate t\u00e9cnico, por lo que es muy importante darle un triunfo contundente a X\u00f3chitl G\u00e1lvez.<\/p>\n<p class=\"p2\">Con su participaci\u00f3n, dijo, \u00abvamos a ganar el Estado de M\u00e9xico y el pa\u00eds, por nuestras familias y por las libertades\u00bb.<\/p>\n<p><img loading=\"lazy\" decoding=\"async\" class=\"aligncenter size-large wp-image-29460\" src=\"https:\/\/foro1025.mx\/wp-content\/uploads\/2024\/05\/COM.62-4-1024x576.jpeg\" alt=\"\" width=\"1024\" height=\"576\" srcset=\"https:\/\/foro1025.mx\/wp-content\/uploads\/2024\/05\/COM.62-4-1024x576.jpeg 1024w, https:\/\/foro1025.mx\/wp-content\/uploads\/2024\/05\/COM.62-4-300x169.jpeg 300w, https:\/\/foro1025.mx\/wp-content\/uploads\/2024\/05\/COM.62-4-768x432.jpeg 768w, https:\/\/foro1025.mx\/wp-content\/uploads\/2024\/05\/COM.62-4-678x381.jpeg 678w, https:\/\/foro1025.mx\/wp-content\/uploads\/2024\/05\/COM.62-4.jpeg 1280w\" sizes=\"auto, (max-width: 1024px) 100vw, 1024px\" \/><\/p>\n<p class=\"p2\">En la contienda por el senado, Vargas del Villar coment\u00f3 que durante sus recorridos por el territorio mexiquense escuch\u00f3 la gran decepci\u00f3n que tienen los ciudadanos por las falsas promesas de Morena, que solo se ha dedicado a destruir al pa\u00eds y por eso ya no le dar\u00e1n su voto.<\/p>\n<p class=\"p2\">En Metepec, puntualiz\u00f3, Fernando Flores ha hecho un gran gobierno y es motivo de orgullo. \u00abAqu\u00ed ya ganamos y vamos hacerlo por m\u00e1s de 20 puntos porque la gente est\u00e1 contenta con su trabajo\u00bb.<\/p>\n<p class=\"p2\">Vargas del Villar reiter\u00f3 el llamado a votar el 2 de junio y poner en primer lugar a M\u00e9xico, ya que est\u00e1 en un grave peligro ante un gobierno autoritario que busca destruir las instituciones.<\/p>\n","protected":false},"excerpt":{"rendered":"<div class=\"mh-excerpt\"><p>Con un fuerte llamado a salir a votar el pr\u00f3ximo 2 de junio, el candidato <a class=\"mh-excerpt-more\" href=\"https:\/\/foro1025.mx\/?p=29458\" title=\"Llama Enrique Vargas a votar el 2 de Junio\">&#8230;<\/a><\/p>\n<\/div>","protected":false},"author":1,"featured_media":29461,"comment_status":"closed","ping_status":"closed","sticky":false,"template":"","format":"standard","meta":{"footnotes":""},"categories":[44],"tags":[67,70],"class_list":{"0":"post-29458","1":"post","2":"type-post","3":"status-publish","4":"format-standard","5":"has-post-thumbnail","7":"category-elecciones-2024","8":"tag-enrique-vargas","9":"tag-metepec"},"_links":{"self":[{"href":"https:\/\/foro1025.mx\/index.php?rest_route=\/wp\/v2\/posts\/29458","targetHints":{"allow":["GET"]}}],"collection":[{"href":"https:\/\/foro1025.mx\/index.php?rest_route=\/wp\/v2\/posts"}],"about":[{"href":"https:\/\/foro1025.mx\/index.php?rest_route=\/wp\/v2\/types\/post"}],"author":[{"embeddable":true,"href":"https:\/\/foro1025.mx\/index.php?rest_route=\/wp\/v2\/users\/1"}],"replies":[{"embeddable":true,"href":"https:\/\/foro1025.mx\/index.php?rest_route=%2Fwp%2Fv2%2Fcomments&post=29458"}],"version-history":[{"count":1,"href":"https:\/\/foro1025.mx\/index.php?rest_route=\/wp\/v2\/posts\/29458\/revisions"}],"predecessor-version":[{"id":29462,"href":"https:\/\/foro1025.mx\/index.php?rest_route=\/wp\/v2\/posts\/29458\/revisions\/29462"}],"wp:featuredmedia":[{"embeddable":true,"href":"https:\/\/foro1025.mx\/index.php?rest_route=\/wp\/v2\/media\/29461"}],"wp:attachment":[{"href":"https:\/\/foro1025.mx\/index.php?rest_route=%2Fwp%2Fv2%2Fmedia&parent=29458"}],"wp:term":[{"taxonomy":"category","embeddable":true,"href":"https:\/\/foro1025.mx\/index.php?rest_route=%2Fwp%2Fv2%2Fcategories&post=29458"},{"taxonomy":"post_tag","embeddable":true,"href":"https:\/\/foro1025.mx\/index.php?rest_route=%2Fwp%2Fv2%2Ftags&post=29458"}],"curies":[{"name":"wp","href":"https:\/\/api.w.org\/{rel}","templated":true}]}}