{"id":29628,"date":"2024-05-29T22:37:55","date_gmt":"2024-05-30T04:37:55","guid":{"rendered":"https:\/\/foro1025.mx\/?p=29628"},"modified":"2024-05-29T22:37:55","modified_gmt":"2024-05-30T04:37:55","slug":"hoy-los-responsables-del-saqueo-de-naucalpan-tienen-miedo-angelica-moya","status":"publish","type":"post","link":"https:\/\/foro1025.mx\/?p=29628","title":{"rendered":"\u00abHoy los responsables del saqueo de Naucalpan tienen miedo\u00bb: Ang\u00e9lica Moya"},"content":{"rendered":"<p class=\"p2\">Ante m\u00e1s de ocho mil personas que la acompa\u00f1aron en su cierre de campa\u00f1a, la candidata Ang\u00e9lica Moya Mar\u00edn afirm\u00f3 que los ciudadanos de Naucalpan son La Resistencia contra Edgar Olvera, David S\u00e1nchez Guevara y los hermanos Dur\u00e1n, \u201cquienes hoy manejan al candidato de Morena como su t\u00edtere porque buscan volver al poder para seguir robando a los vecinos\u201d.<\/p>\n<p class=\"p2\">En una explanada plet\u00f3rica de alegr\u00eda, gritos de apoyo y el estribillo que la definen: \u201cexperiencia y pasi\u00f3n, vota por A. Moya, para Naucalpan la mejor, vota por A. Moya\u201d, la abanderada de la coalici\u00f3n Fuerza y Coraz\u00f3n por el Estado de M\u00e9xico asegur\u00f3 de manera contundente: Desde este palacio municipal, les mandamos un mensaje claro: no podr\u00e1n con esta Resistencia, en Naucalpan no pasar\u00e1 Morena\u201d.<\/p>\n<p><img loading=\"lazy\" decoding=\"async\" class=\"aligncenter size-large wp-image-29631\" src=\"https:\/\/foro1025.mx\/wp-content\/uploads\/2024\/05\/LA-BUENA-OK-2-1024x682.jpeg\" alt=\"\" width=\"1024\" height=\"682\" srcset=\"https:\/\/foro1025.mx\/wp-content\/uploads\/2024\/05\/LA-BUENA-OK-2-1024x682.jpeg 1024w, https:\/\/foro1025.mx\/wp-content\/uploads\/2024\/05\/LA-BUENA-OK-2-300x200.jpeg 300w, https:\/\/foro1025.mx\/wp-content\/uploads\/2024\/05\/LA-BUENA-OK-2-768x512.jpeg 768w, https:\/\/foro1025.mx\/wp-content\/uploads\/2024\/05\/LA-BUENA-OK-2-1536x1023.jpeg 1536w, https:\/\/foro1025.mx\/wp-content\/uploads\/2024\/05\/LA-BUENA-OK-2.jpeg 1600w\" sizes=\"auto, (max-width: 1024px) 100vw, 1024px\" \/><\/p>\n<p class=\"p2\">Acompa\u00f1ada de candidatos a diputados locales y federales, Moya Mar\u00edn afirm\u00f3: \u201cHoy los responsables del saqueo de Naucalpan buscan regresar al poder, pero despu\u00e9s de m\u00e1s de 30 d\u00edas de campa\u00f1a, los saqueadores ahora tienen tanto miedo que intentaron arruinar este evento, pero no contaban con la fuerza de los naucalpenses\u201d.<\/p>\n<p class=\"p2\">Tambi\u00e9n estuvieron presentes los dirigentes municipales del PAN, PRI, PRD y Nueva Alianza y el diputado con licencia, David Parra S\u00e1nchez, as\u00ed como regidoras y regidores de la pr\u00f3xima administraci\u00f3n y el l\u00edder sindical, Tom\u00e1s Palomares.<\/p>\n<p class=\"p2\">La aspirante a la alcald\u00eda de Naucalpan record\u00f3 que durante 50 a\u00f1os ha sido vecina de Naucalpan, \u201cen la misma casa y colonia, que les quede muy claro que aqu\u00ed seguir\u00e9, trabajando con ustedes por un mismo objetivo, CUIDAR NUESTRA CASA, escuchando a nuestros vecinos como lo he hecho en estos dos a\u00f1os y medio de gobierno, trabajando codo a codo para mejorar el lugar en donde vivimos pese a la herencia de los malos gobiernos. Nada nos va a detener\u201d.<\/p>\n<p class=\"p2\">Se\u00f1al\u00f3 que Naucalpan fue hecho a mano con el sudor de miles de vecinos que diariamente dan todo por sus familias, \u201cdesde Chimalpa a Ciudad Sat\u00e9lite, de Los Remedios a Echegaray, de San Bartolo a Tecamachalco, este municipio se mantiene de pie gracias a todos ustedes\u201d.<\/p>\n<p class=\"p2\">Declar\u00f3 que a pesar de recibir un municipio en las peores condiciones de su historia, saqueado con m\u00e1s de 3 mil 500 millones de pesos por el peor gobierno que ha tenido Naucalpan, en 2021 los naucalpenses<span class=\"Apple-converted-space\">\u00a0 <\/span>decidieron iniciar un nuevo camino enfocado en ordenar la casa.<\/p>\n<p><img loading=\"lazy\" decoding=\"async\" class=\"aligncenter size-large wp-image-29630\" src=\"https:\/\/foro1025.mx\/wp-content\/uploads\/2024\/05\/2-OK-1024x682.jpeg\" alt=\"\" width=\"1024\" height=\"682\" srcset=\"https:\/\/foro1025.mx\/wp-content\/uploads\/2024\/05\/2-OK-1024x682.jpeg 1024w, https:\/\/foro1025.mx\/wp-content\/uploads\/2024\/05\/2-OK-300x200.jpeg 300w, https:\/\/foro1025.mx\/wp-content\/uploads\/2024\/05\/2-OK-768x512.jpeg 768w, https:\/\/foro1025.mx\/wp-content\/uploads\/2024\/05\/2-OK.jpeg 1280w\" sizes=\"auto, (max-width: 1024px) 100vw, 1024px\" \/><\/p>\n<p class=\"p2\">\u201cNuevamente tenemos una cita con Naucalpan, en las \u00faltimas cuatro semanas, hablamos de frente con nuestros vecinos y tenemos un proyecto claro, un gobierno responsable, que seguir\u00e1 atendiendo sus principales necesidades como seguridad, agua, renovaci\u00f3n de nuestras calles y un mejor ambiente para nuestras familias\u201d, apunt\u00f3 Moya Mar\u00edn.<\/p>\n<p class=\"p2\">Asegur\u00f3 que en los pr\u00f3ximos tres a\u00f1os y medio, trabajar\u00e1 de sol a sol para devolver la grandeza a Naucalpan, \u201cvamos a demostrar que nuestro municipio sigue siendo un basti\u00f3n de la democracia y la libertad, llevaremos a los candidatos de nuestra coalici\u00f3n a los Congresos, a X\u00f3chitl G\u00e1lvez a la Presidencia de la Rep\u00fablica y continuaremos en el gobierno municipal, salgamos a votar cinco de cinco por el PAN, hagamos de nuestra acci\u00f3n municipal una acci\u00f3n nacional. \u00a1Que vivan los naucalpenses!, \u00a1que viva Naucalpan!, \u00a1que viva nuestra casa!<\/p>\n<p class=\"p2\">En su intervenci\u00f3n, el candidato al Senado de la Rep\u00fablica, Enrique Vargas sostuvo que Morena \u201cen Naucalpan no se va a meter, tenemos mucha presidenta municipal que es Ang\u00e9lica Moya, y que les quede bien claro, \u201cel pr\u00f3ximo domingo checaremos la elecci\u00f3n de Naucalpan y cuidado se quieran meter con nosotros, defenderemos el triunfo de nuestra candidata\u201d, y puntualiz\u00f3: \u201cles ganamos a la buena el Senado como les ganamos Naucalpan\u201d.<\/p>\n","protected":false},"excerpt":{"rendered":"<div class=\"mh-excerpt\"><p>Ante m\u00e1s de ocho mil personas que la acompa\u00f1aron en su cierre de campa\u00f1a, la <a class=\"mh-excerpt-more\" href=\"https:\/\/foro1025.mx\/?p=29628\" title=\"\u00abHoy los responsables del saqueo de Naucalpan tienen miedo\u00bb: Ang\u00e9lica Moya\">&#8230;<\/a><\/p>\n<\/div>","protected":false},"author":1,"featured_media":29632,"comment_status":"closed","ping_status":"closed","sticky":false,"template":"","format":"standard","meta":{"footnotes":""},"categories":[44],"tags":[52,33],"class_list":{"0":"post-29628","1":"post","2":"type-post","3":"status-publish","4":"format-standard","5":"has-post-thumbnail","7":"category-elecciones-2024","8":"tag-angelica-moya","9":"tag-naucalpan"},"_links":{"self":[{"href":"https:\/\/foro1025.mx\/index.php?rest_route=\/wp\/v2\/posts\/29628","targetHints":{"allow":["GET"]}}],"collection":[{"href":"https:\/\/foro1025.mx\/index.php?rest_route=\/wp\/v2\/posts"}],"about":[{"href":"https:\/\/foro1025.mx\/index.php?rest_route=\/wp\/v2\/types\/post"}],"author":[{"embeddable":true,"href":"https:\/\/foro1025.mx\/index.php?rest_route=\/wp\/v2\/users\/1"}],"replies":[{"embeddable":true,"href":"https:\/\/foro1025.mx\/index.php?rest_route=%2Fwp%2Fv2%2Fcomments&post=29628"}],"version-history":[{"count":1,"href":"https:\/\/foro1025.mx\/index.php?rest_route=\/wp\/v2\/posts\/29628\/revisions"}],"predecessor-version":[{"id":29633,"href":"https:\/\/foro1025.mx\/index.php?rest_route=\/wp\/v2\/posts\/29628\/revisions\/29633"}],"wp:featuredmedia":[{"embeddable":true,"href":"https:\/\/foro1025.mx\/index.php?rest_route=\/wp\/v2\/media\/29632"}],"wp:attachment":[{"href":"https:\/\/foro1025.mx\/index.php?rest_route=%2Fwp%2Fv2%2Fmedia&parent=29628"}],"wp:term":[{"taxonomy":"category","embeddable":true,"href":"https:\/\/foro1025.mx\/index.php?rest_route=%2Fwp%2Fv2%2Fcategories&post=29628"},{"taxonomy":"post_tag","embeddable":true,"href":"https:\/\/foro1025.mx\/index.php?rest_route=%2Fwp%2Fv2%2Ftags&post=29628"}],"curies":[{"name":"wp","href":"https:\/\/api.w.org\/{rel}","templated":true}]}}