{"id":29645,"date":"2024-05-29T23:40:12","date_gmt":"2024-05-30T05:40:12","guid":{"rendered":"https:\/\/foro1025.mx\/?p=29645"},"modified":"2024-05-29T23:40:12","modified_gmt":"2024-05-30T05:40:12","slug":"ganamos-en-las-calles-y-ganaremos-en-las-urnas-el-2-de-junio-karla-fiesco","status":"publish","type":"post","link":"https:\/\/foro1025.mx\/?p=29645","title":{"rendered":"Ganamos en las calles y ganaremos en las urnas el 2 de junio: Karla Fiesco"},"content":{"rendered":"<p class=\"p1\"><em>Acompa\u00f1ada con m\u00e1s de 12 mil izcallenses, en la explanada municipal, Karla Fiesco agradeci\u00f3 el apoyo que recibi\u00f3 en la campa\u00f1a<\/em><\/p>\n<p class=\"p1\"><em>Las \u00faltimas encuestas marcan una tendencia irreversible de hasta 12 puntos de diferencia para Fiesco Garc\u00eda ante su m\u00e1s cercano opositor\u00a0<\/em><\/p>\n<p class=\"p1\"><em>\u201cSoy Karla Fiesco, orgullosamente izcallense y dejar\u00e9 en cada rinc\u00f3n de Izcalli el alma\u201d<\/em><\/p>\n<p class=\"p1\">Al grito de \u201cpresidenta, presidenta\u201d y arropada por m\u00e1s de 12 mil izcallenses, Karla Fiesco Garc\u00eda, candidata a la presidencia municipal de Cuautitl\u00e1n Izcalli por la coalici\u00f3n Fuerza y Coraz\u00f3n por EDOM\u00c9X, asegur\u00f3 que \u201cya ganamos Izcalli, lo dicen las encuestas, la gente en las comunidades, lo dice t\u00fa presencia aqu\u00ed: ya ganamos en las calles y lo vamos a ganar el 2 de junio\u201d.<\/p>\n<p><img loading=\"lazy\" decoding=\"async\" class=\"aligncenter size-large wp-image-29646\" src=\"https:\/\/foro1025.mx\/wp-content\/uploads\/2024\/05\/WhatsApp-Image-2024-05-29-at-11.25.12-PM-3-1024x683.jpeg\" alt=\"\" width=\"1024\" height=\"683\" srcset=\"https:\/\/foro1025.mx\/wp-content\/uploads\/2024\/05\/WhatsApp-Image-2024-05-29-at-11.25.12-PM-3-1024x683.jpeg 1024w, https:\/\/foro1025.mx\/wp-content\/uploads\/2024\/05\/WhatsApp-Image-2024-05-29-at-11.25.12-PM-3-300x200.jpeg 300w, https:\/\/foro1025.mx\/wp-content\/uploads\/2024\/05\/WhatsApp-Image-2024-05-29-at-11.25.12-PM-3-768x512.jpeg 768w, https:\/\/foro1025.mx\/wp-content\/uploads\/2024\/05\/WhatsApp-Image-2024-05-29-at-11.25.12-PM-3-1536x1024.jpeg 1536w, https:\/\/foro1025.mx\/wp-content\/uploads\/2024\/05\/WhatsApp-Image-2024-05-29-at-11.25.12-PM-3-2048x1365.jpeg 2048w\" sizes=\"auto, (max-width: 1024px) 100vw, 1024px\" \/><\/p>\n<p class=\"p1\">En su cierre de campa\u00f1a, en donde participaron el l\u00edder estatal del PAN, Anuar Azar; el candidato a diputado federal, Paco Rojas, y los aspirantes al congreso local, Joanna F. Torres y Paco Santos, Fiesco Garc\u00eda agradeci\u00f3 el apoyo y recibimiento que le brind\u00f3 la ciudadan\u00eda izcallenses durante sus recorridos.<\/p>\n<p><img loading=\"lazy\" decoding=\"async\" class=\"aligncenter size-large wp-image-29648\" src=\"https:\/\/foro1025.mx\/wp-content\/uploads\/2024\/05\/WhatsApp-Image-2024-05-29-at-11.25.13-PM-1-773x1024.jpeg\" alt=\"\" width=\"773\" height=\"1024\" srcset=\"https:\/\/foro1025.mx\/wp-content\/uploads\/2024\/05\/WhatsApp-Image-2024-05-29-at-11.25.13-PM-1-773x1024.jpeg 773w, https:\/\/foro1025.mx\/wp-content\/uploads\/2024\/05\/WhatsApp-Image-2024-05-29-at-11.25.13-PM-1-226x300.jpeg 226w, https:\/\/foro1025.mx\/wp-content\/uploads\/2024\/05\/WhatsApp-Image-2024-05-29-at-11.25.13-PM-1-768x1018.jpeg 768w, https:\/\/foro1025.mx\/wp-content\/uploads\/2024\/05\/WhatsApp-Image-2024-05-29-at-11.25.13-PM-1.jpeg 966w\" sizes=\"auto, (max-width: 773px) 100vw, 773px\" \/><\/p>\n<p class=\"p1\">\u201cEn este trayecto jam\u00e1s he estado sola, esa ha sido mi mayor fuerza y agradezco a quienes han caminado conmigo gracias Anuar, s\u00e9 que tendremos un contundente triunfo en Cuautitl\u00e1n Izcalli gracias a mi familia PRI, a mi familia PRD, a mi familia PAN y a mi familia Nueva Alianza; gracias tambi\u00e9n a los que se han sumado PT, Partido Verde, Nuevo Espacio, Dan Jim\u00e9nez, Oswaldo G\u00f3mez del Frente C\u00edvico Nacional y Paco Cahue\u201d, indic\u00f3.<\/p>\n<p class=\"p1\">Recalc\u00f3 que hacer el bien com\u00fan es estar conjuntando las coincidencias y es anteponer el amor para nuestra casa entre los \u00e1rboles.<\/p>\n<p><img loading=\"lazy\" decoding=\"async\" class=\"aligncenter size-large wp-image-29647\" src=\"https:\/\/foro1025.mx\/wp-content\/uploads\/2024\/05\/WhatsApp-Image-2024-05-29-at-11.25.12-PM-1024x544.jpeg\" alt=\"\" width=\"1024\" height=\"544\" srcset=\"https:\/\/foro1025.mx\/wp-content\/uploads\/2024\/05\/WhatsApp-Image-2024-05-29-at-11.25.12-PM-1024x544.jpeg 1024w, https:\/\/foro1025.mx\/wp-content\/uploads\/2024\/05\/WhatsApp-Image-2024-05-29-at-11.25.12-PM-300x159.jpeg 300w, https:\/\/foro1025.mx\/wp-content\/uploads\/2024\/05\/WhatsApp-Image-2024-05-29-at-11.25.12-PM-768x408.jpeg 768w, https:\/\/foro1025.mx\/wp-content\/uploads\/2024\/05\/WhatsApp-Image-2024-05-29-at-11.25.12-PM.jpeg 1280w\" sizes=\"auto, (max-width: 1024px) 100vw, 1024px\" \/><\/p>\n<p class=\"p1\">\u201cYo soy Karla Fiesco, orgullosamente izcallense, no creo en imposibles, vengo a decirte que ser\u00e9 tu presidenta, voy a dejar en cada rinc\u00f3n de Izcalli el alma, como lo he hecho siempre\u201d, prometi\u00f3.<\/p>\n<p class=\"p1\">El l\u00edder estatal del PAN, Anuar Azar, revel\u00f3 que en la \u00faltima encuesta que tiene sobre Cuautitl\u00e1n Izcalli indica que este proyecto volver\u00e1 a ganar con una diferencia de 15 puntos.<\/p>\n<p><img loading=\"lazy\" decoding=\"async\" class=\"aligncenter size-large wp-image-29650\" src=\"https:\/\/foro1025.mx\/wp-content\/uploads\/2024\/05\/WhatsApp-Image-2024-05-29-at-11.25.14-PM-1024x576.jpeg\" alt=\"\" width=\"1024\" height=\"576\" srcset=\"https:\/\/foro1025.mx\/wp-content\/uploads\/2024\/05\/WhatsApp-Image-2024-05-29-at-11.25.14-PM-1024x576.jpeg 1024w, https:\/\/foro1025.mx\/wp-content\/uploads\/2024\/05\/WhatsApp-Image-2024-05-29-at-11.25.14-PM-300x169.jpeg 300w, https:\/\/foro1025.mx\/wp-content\/uploads\/2024\/05\/WhatsApp-Image-2024-05-29-at-11.25.14-PM-768x432.jpeg 768w, https:\/\/foro1025.mx\/wp-content\/uploads\/2024\/05\/WhatsApp-Image-2024-05-29-at-11.25.14-PM-678x381.jpeg 678w, https:\/\/foro1025.mx\/wp-content\/uploads\/2024\/05\/WhatsApp-Image-2024-05-29-at-11.25.14-PM.jpeg 1280w\" sizes=\"auto, (max-width: 1024px) 100vw, 1024px\" \/><\/p>\n<p class=\"p1\">\u201cEs tiempo de las mujeres chingonas, es tiempo de una mujer que ya demostr\u00f3 que sabe gobernar\u2026 el gobierno de Karla Fiesco orden\u00f3 la casa, puso en orden las finanzas, triplic\u00f3 la obra p\u00fablica, Izcalli dej\u00f3 de ser la nota roja, mejor\u00f3 en seguridad, ahora nos toca salir a votar esta 2 de junio, todo mundo a votar y 5 de 5\u201d, puntualiz\u00f3.<\/p>\n","protected":false},"excerpt":{"rendered":"<div class=\"mh-excerpt\"><p>Acompa\u00f1ada con m\u00e1s de 12 mil izcallenses, en la explanada municipal, Karla Fiesco agradeci\u00f3 el <a class=\"mh-excerpt-more\" href=\"https:\/\/foro1025.mx\/?p=29645\" title=\"Ganamos en las calles y ganaremos en las urnas el 2 de junio: Karla Fiesco\">&#8230;<\/a><\/p>\n<\/div>","protected":false},"author":1,"featured_media":29649,"comment_status":"closed","ping_status":"closed","sticky":false,"template":"","format":"standard","meta":{"footnotes":""},"categories":[44],"tags":[61,60],"class_list":{"0":"post-29645","1":"post","2":"type-post","3":"status-publish","4":"format-standard","5":"has-post-thumbnail","7":"category-elecciones-2024","8":"tag-cuautitlan-izcalli","9":"tag-karla-fiesco"},"_links":{"self":[{"href":"https:\/\/foro1025.mx\/index.php?rest_route=\/wp\/v2\/posts\/29645","targetHints":{"allow":["GET"]}}],"collection":[{"href":"https:\/\/foro1025.mx\/index.php?rest_route=\/wp\/v2\/posts"}],"about":[{"href":"https:\/\/foro1025.mx\/index.php?rest_route=\/wp\/v2\/types\/post"}],"author":[{"embeddable":true,"href":"https:\/\/foro1025.mx\/index.php?rest_route=\/wp\/v2\/users\/1"}],"replies":[{"embeddable":true,"href":"https:\/\/foro1025.mx\/index.php?rest_route=%2Fwp%2Fv2%2Fcomments&post=29645"}],"version-history":[{"count":1,"href":"https:\/\/foro1025.mx\/index.php?rest_route=\/wp\/v2\/posts\/29645\/revisions"}],"predecessor-version":[{"id":29651,"href":"https:\/\/foro1025.mx\/index.php?rest_route=\/wp\/v2\/posts\/29645\/revisions\/29651"}],"wp:featuredmedia":[{"embeddable":true,"href":"https:\/\/foro1025.mx\/index.php?rest_route=\/wp\/v2\/media\/29649"}],"wp:attachment":[{"href":"https:\/\/foro1025.mx\/index.php?rest_route=%2Fwp%2Fv2%2Fmedia&parent=29645"}],"wp:term":[{"taxonomy":"category","embeddable":true,"href":"https:\/\/foro1025.mx\/index.php?rest_route=%2Fwp%2Fv2%2Fcategories&post=29645"},{"taxonomy":"post_tag","embeddable":true,"href":"https:\/\/foro1025.mx\/index.php?rest_route=%2Fwp%2Fv2%2Ftags&post=29645"}],"curies":[{"name":"wp","href":"https:\/\/api.w.org\/{rel}","templated":true}]}}