{"id":29656,"date":"2024-06-02T11:54:43","date_gmt":"2024-06-02T17:54:43","guid":{"rendered":"https:\/\/foro1025.mx\/?p=29656"},"modified":"2024-06-02T11:54:43","modified_gmt":"2024-06-02T17:54:43","slug":"aldo-ledezma-asistio-a-la-casilla-electoral-para-emitir-su-derecho-al-voto","status":"publish","type":"post","link":"https:\/\/foro1025.mx\/?p=29656","title":{"rendered":"Aldo Ledezma asisti\u00f3 a la casilla electoral para emitir su derecho al voto"},"content":{"rendered":"<p>Aldo Ledezma asisti\u00f3 a la casilla electoral para emitir su derecho al voto en las elecciones. Destac\u00f3 la importancia de que la ciudadan\u00eda ejerza su derecho al sufragio como un pilar fundamental de la democracia.<\/p>\n<p><img loading=\"lazy\" decoding=\"async\" class=\"aligncenter size-large wp-image-29658\" src=\"https:\/\/foro1025.mx\/wp-content\/uploads\/2024\/06\/IMG-20240602-WA0084-1024x861.jpg\" alt=\"\" width=\"1024\" height=\"861\" srcset=\"https:\/\/foro1025.mx\/wp-content\/uploads\/2024\/06\/IMG-20240602-WA0084-1024x861.jpg 1024w, https:\/\/foro1025.mx\/wp-content\/uploads\/2024\/06\/IMG-20240602-WA0084-300x252.jpg 300w, https:\/\/foro1025.mx\/wp-content\/uploads\/2024\/06\/IMG-20240602-WA0084-768x646.jpg 768w, https:\/\/foro1025.mx\/wp-content\/uploads\/2024\/06\/IMG-20240602-WA0084-1536x1292.jpg 1536w, https:\/\/foro1025.mx\/wp-content\/uploads\/2024\/06\/IMG-20240602-WA0084-2048x1723.jpg 2048w\" sizes=\"auto, (max-width: 1024px) 100vw, 1024px\" \/> El candidato de la coalici\u00f3n Fuerza y Coraz\u00f3n por el Estado de M\u00e9xico Aldo Ledezma, reafirm\u00f3 su compromiso con Cuautitl\u00e1n y con la sociedad.<\/p>\n","protected":false},"excerpt":{"rendered":"<div class=\"mh-excerpt\"><p>Aldo Ledezma asisti\u00f3 a la casilla electoral para emitir su derecho al voto en las <a class=\"mh-excerpt-more\" href=\"https:\/\/foro1025.mx\/?p=29656\" title=\"Aldo Ledezma asisti\u00f3 a la casilla electoral para emitir su derecho al voto\">&#8230;<\/a><\/p>\n<\/div>","protected":false},"author":1,"featured_media":29657,"comment_status":"closed","ping_status":"closed","sticky":false,"template":"","format":"standard","meta":{"footnotes":""},"categories":[44],"tags":[65,64],"class_list":{"0":"post-29656","1":"post","2":"type-post","3":"status-publish","4":"format-standard","5":"has-post-thumbnail","7":"category-elecciones-2024","8":"tag-aldo-ledezma","9":"tag-cuautitlan"},"_links":{"self":[{"href":"https:\/\/foro1025.mx\/index.php?rest_route=\/wp\/v2\/posts\/29656","targetHints":{"allow":["GET"]}}],"collection":[{"href":"https:\/\/foro1025.mx\/index.php?rest_route=\/wp\/v2\/posts"}],"about":[{"href":"https:\/\/foro1025.mx\/index.php?rest_route=\/wp\/v2\/types\/post"}],"author":[{"embeddable":true,"href":"https:\/\/foro1025.mx\/index.php?rest_route=\/wp\/v2\/users\/1"}],"replies":[{"embeddable":true,"href":"https:\/\/foro1025.mx\/index.php?rest_route=%2Fwp%2Fv2%2Fcomments&post=29656"}],"version-history":[{"count":1,"href":"https:\/\/foro1025.mx\/index.php?rest_route=\/wp\/v2\/posts\/29656\/revisions"}],"predecessor-version":[{"id":29659,"href":"https:\/\/foro1025.mx\/index.php?rest_route=\/wp\/v2\/posts\/29656\/revisions\/29659"}],"wp:featuredmedia":[{"embeddable":true,"href":"https:\/\/foro1025.mx\/index.php?rest_route=\/wp\/v2\/media\/29657"}],"wp:attachment":[{"href":"https:\/\/foro1025.mx\/index.php?rest_route=%2Fwp%2Fv2%2Fmedia&parent=29656"}],"wp:term":[{"taxonomy":"category","embeddable":true,"href":"https:\/\/foro1025.mx\/index.php?rest_route=%2Fwp%2Fv2%2Fcategories&post=29656"},{"taxonomy":"post_tag","embeddable":true,"href":"https:\/\/foro1025.mx\/index.php?rest_route=%2Fwp%2Fv2%2Ftags&post=29656"}],"curies":[{"name":"wp","href":"https:\/\/api.w.org\/{rel}","templated":true}]}}