{"id":29689,"date":"2024-06-06T09:45:35","date_gmt":"2024-06-06T15:45:35","guid":{"rendered":"https:\/\/foro1025.mx\/?p=29689"},"modified":"2024-06-07T09:47:37","modified_gmt":"2024-06-07T15:47:37","slug":"difem-abre-las-puertas-del-mundo-sonoro-a-la-ninez-con-sordera-mediante-implantes-cocleares","status":"publish","type":"post","link":"https:\/\/foro1025.mx\/?p=29689","title":{"rendered":"DIFEM abre las puertas del mundo sonoro a la ni\u00f1ez con sordera mediante implantes cocleares"},"content":{"rendered":"<p class=\"p2\"><b>TOLUCA<\/b>, Estado de M\u00e9xico.- Dejar el silencio para dar paso al mundo sonoro y escuchar la voz de los padres por primera vez, reconocer el sonido de la lluvia que cae al suelo o el canto de las aves, ser\u00e1 realidad para ni\u00f1as y ni\u00f1os con sordera severa o profunda, gracias a la donaci\u00f3n de sistemas de implantes cocleares que impulsa el Gobierno de la Maestra Delfina G\u00f3mez \u00c1lvarez, a trav\u00e9s del Sistema para el Desarrollo Integral de la Familia del Estado de M\u00e9xico (DIFEM).<br \/>\nLa dependencia a cargo de Karina Labastida Sotelo, Directora General inici\u00f3 el proceso de valoraci\u00f3n de cuatro ni\u00f1os de entre nueve meses a cinco a\u00f1os, ya que en este rango de edad se garantiza un mayor \u00e9xito para que la audici\u00f3n permita la adquisici\u00f3n del lenguaje oral.<br \/>\nJorge Juan Villa Mart\u00ednez, Director de Centros Estatales de Rehabilitaci\u00f3n inform\u00f3 que se prev\u00e9 colocar, en un o\u00eddo de cada paciente, el sistema de implante coclear; adelant\u00f3 que se calcula que este a\u00f1o, 20 ni\u00f1as y ni\u00f1os residentes del Estado de M\u00e9xico reciban esta tecnolog\u00eda, quienes ser\u00e1n seleccionados con base en las peticiones realizadas al DIF mexiquense.<br \/>\nPrecis\u00f3 que, tras la cirug\u00eda para la colocaci\u00f3n del implante, \u00e9ste se activar\u00e1 de forma gradual y se iniciar\u00e1 un proceso de rehabilitaci\u00f3n que permitir\u00e1 el desarrollo progresivo de la comunicaci\u00f3n oral.<br \/>\nVilla Mart\u00ednez afirm\u00f3 que con ello se mejorar\u00e1 la calidad de vida de los beneficiarios, al prevenir una discapacidad en torno al habla y favorecer la inclusi\u00f3n familiar, educativa y social, gracias al Programa de Atenci\u00f3n a Grupos Prioritarios, en su vertiente de Atenci\u00f3n a Personas con Discapacidad, del que se desprende la donaci\u00f3n del sistema de implante coclear.<br \/>\nQuienes presentan p\u00e9rdida auditiva severa no pueden o\u00edr el habla a nivel conversacional y para las personas con p\u00e9rdida auditiva profunda, los sonidos fuertes se perciben principalmente como vibraciones.<br \/>\nDe acuerdo con la Organizaci\u00f3n Mundial de la Salud, la p\u00e9rdida de audici\u00f3n no atendida afecta aspectos de la vida de la persona: comunicaci\u00f3n y habla, cognici\u00f3n, aislamiento social, soledad y estigma; tiene consecuencias en la sociedad y la econom\u00eda, provoca a\u00f1os perdidos por discapacidad; adem\u00e1s, en los pa\u00edses en desarrollo, los ni\u00f1os con p\u00e9rdida de audici\u00f3n y sordera rara vez son escolarizados.<\/p>\n","protected":false},"excerpt":{"rendered":"<div class=\"mh-excerpt\"><p>TOLUCA, Estado de M\u00e9xico.- Dejar el silencio para dar paso al mundo sonoro y escuchar <a class=\"mh-excerpt-more\" href=\"https:\/\/foro1025.mx\/?p=29689\" title=\"DIFEM abre las puertas del mundo sonoro a la ni\u00f1ez con sordera mediante implantes cocleares\">&#8230;<\/a><\/p>\n<\/div>","protected":false},"author":1,"featured_media":29690,"comment_status":"closed","ping_status":"closed","sticky":false,"template":"","format":"standard","meta":{"footnotes":""},"categories":[13],"tags":[71],"class_list":{"0":"post-29689","1":"post","2":"type-post","3":"status-publish","4":"format-standard","5":"has-post-thumbnail","7":"category-estado-de-mexico","8":"tag-difem"},"_links":{"self":[{"href":"https:\/\/foro1025.mx\/index.php?rest_route=\/wp\/v2\/posts\/29689","targetHints":{"allow":["GET"]}}],"collection":[{"href":"https:\/\/foro1025.mx\/index.php?rest_route=\/wp\/v2\/posts"}],"about":[{"href":"https:\/\/foro1025.mx\/index.php?rest_route=\/wp\/v2\/types\/post"}],"author":[{"embeddable":true,"href":"https:\/\/foro1025.mx\/index.php?rest_route=\/wp\/v2\/users\/1"}],"replies":[{"embeddable":true,"href":"https:\/\/foro1025.mx\/index.php?rest_route=%2Fwp%2Fv2%2Fcomments&post=29689"}],"version-history":[{"count":1,"href":"https:\/\/foro1025.mx\/index.php?rest_route=\/wp\/v2\/posts\/29689\/revisions"}],"predecessor-version":[{"id":29691,"href":"https:\/\/foro1025.mx\/index.php?rest_route=\/wp\/v2\/posts\/29689\/revisions\/29691"}],"wp:featuredmedia":[{"embeddable":true,"href":"https:\/\/foro1025.mx\/index.php?rest_route=\/wp\/v2\/media\/29690"}],"wp:attachment":[{"href":"https:\/\/foro1025.mx\/index.php?rest_route=%2Fwp%2Fv2%2Fmedia&parent=29689"}],"wp:term":[{"taxonomy":"category","embeddable":true,"href":"https:\/\/foro1025.mx\/index.php?rest_route=%2Fwp%2Fv2%2Fcategories&post=29689"},{"taxonomy":"post_tag","embeddable":true,"href":"https:\/\/foro1025.mx\/index.php?rest_route=%2Fwp%2Fv2%2Ftags&post=29689"}],"curies":[{"name":"wp","href":"https:\/\/api.w.org\/{rel}","templated":true}]}}