{"id":29698,"date":"2024-06-06T12:44:09","date_gmt":"2024-06-06T18:44:09","guid":{"rendered":"https:\/\/foro1025.mx\/?p=29698"},"modified":"2024-06-07T12:45:57","modified_gmt":"2024-06-07T18:45:57","slug":"enrique-vargas-el-candidato-mas-votado-del-pan-y-de-la-alianza-fuerza-y-corazon-por-mexico-llegara-al-senado-por-el-edomex","status":"publish","type":"post","link":"https:\/\/foro1025.mx\/?p=29698","title":{"rendered":"Enrique Vargas el candidato m\u00e1s votado del PAN y de la Alianza Fuerza y Coraz\u00f3n por M\u00e9xico llegar\u00e1 al senado por el Edom\u00e9x"},"content":{"rendered":"<p class=\"p2\">Enrique Vargas del Villar, virtual Senador por el Estado de M\u00e9xico, agradeci\u00f3 a las y los ciudadanos que acudieron a las urnas el pasado domingo y le dieron su voto que lo posicion\u00f3 como el candidato m\u00e1s votado del PAN en el pa\u00eds y de la Alianza Fuerza y Coraz\u00f3n por M\u00e9xico para llegar a la C\u00e1mara Alta. \u201cLes agradezco profundamente su confianza y tengan por seguro que en m\u00ed tienen un amigo que no les va a fallar\u201d.<\/p>\n<p class=\"p2\">Destac\u00f3, que m\u00e1s de 2.5 millones de mexiquenses le dieron su voto para que desde el Senado se trabaje por M\u00e9xico; al tiempo que reiter\u00f3 su compromiso de ser el mejor Legislador que el Estado de M\u00e9xico haya tenido, ya que su trabajo ser\u00e1 24\/7 y de puertas abiertas.<\/p>\n<p class=\"p2\">Vargas del Villar asegur\u00f3, que tal y como lo prometi\u00f3 en campa\u00f1a, recorrer\u00e1 una y otra vez el estado para mantener comunicaci\u00f3n con los habitantes de todos los rincones del territorio mexiquense.<\/p>\n<p class=\"p2\">El virtual senador por el Estado de M\u00e9xico, se\u00f1al\u00f3 que Acci\u00f3n Nacional seguir\u00e1 trabajando y reconocer\u00e1 lo que se haga bien, pero tambi\u00e9n alzar\u00e1 la voz cuando no sea lo correcto y se vulnere el bien de las y los mexicanos.<\/p>\n<p class=\"p2\">Reiter\u00f3, que una vez pasado el proceso electoral, se debe trabajar en conjunto entre los diferentes niveles de gobierno para dar respuesta a las demandas ciudadanas, que m\u00e1s all\u00e1 de colores partidistas lo que requieren son pol\u00edticas p\u00fablicas que les ofrezcan oportunidades de desarrollo.<\/p>\n","protected":false},"excerpt":{"rendered":"<div class=\"mh-excerpt\"><p>Enrique Vargas del Villar, virtual Senador por el Estado de M\u00e9xico, agradeci\u00f3 a las y <a class=\"mh-excerpt-more\" href=\"https:\/\/foro1025.mx\/?p=29698\" title=\"Enrique Vargas el candidato m\u00e1s votado del PAN y de la Alianza Fuerza y Coraz\u00f3n por M\u00e9xico llegar\u00e1 al senado por el Edom\u00e9x\">&#8230;<\/a><\/p>\n<\/div>","protected":false},"author":1,"featured_media":29699,"comment_status":"closed","ping_status":"closed","sticky":false,"template":"","format":"standard","meta":{"footnotes":""},"categories":[44],"tags":[67],"class_list":{"0":"post-29698","1":"post","2":"type-post","3":"status-publish","4":"format-standard","5":"has-post-thumbnail","7":"category-elecciones-2024","8":"tag-enrique-vargas"},"_links":{"self":[{"href":"https:\/\/foro1025.mx\/index.php?rest_route=\/wp\/v2\/posts\/29698","targetHints":{"allow":["GET"]}}],"collection":[{"href":"https:\/\/foro1025.mx\/index.php?rest_route=\/wp\/v2\/posts"}],"about":[{"href":"https:\/\/foro1025.mx\/index.php?rest_route=\/wp\/v2\/types\/post"}],"author":[{"embeddable":true,"href":"https:\/\/foro1025.mx\/index.php?rest_route=\/wp\/v2\/users\/1"}],"replies":[{"embeddable":true,"href":"https:\/\/foro1025.mx\/index.php?rest_route=%2Fwp%2Fv2%2Fcomments&post=29698"}],"version-history":[{"count":1,"href":"https:\/\/foro1025.mx\/index.php?rest_route=\/wp\/v2\/posts\/29698\/revisions"}],"predecessor-version":[{"id":29700,"href":"https:\/\/foro1025.mx\/index.php?rest_route=\/wp\/v2\/posts\/29698\/revisions\/29700"}],"wp:featuredmedia":[{"embeddable":true,"href":"https:\/\/foro1025.mx\/index.php?rest_route=\/wp\/v2\/media\/29699"}],"wp:attachment":[{"href":"https:\/\/foro1025.mx\/index.php?rest_route=%2Fwp%2Fv2%2Fmedia&parent=29698"}],"wp:term":[{"taxonomy":"category","embeddable":true,"href":"https:\/\/foro1025.mx\/index.php?rest_route=%2Fwp%2Fv2%2Fcategories&post=29698"},{"taxonomy":"post_tag","embeddable":true,"href":"https:\/\/foro1025.mx\/index.php?rest_route=%2Fwp%2Fv2%2Ftags&post=29698"}],"curies":[{"name":"wp","href":"https:\/\/api.w.org\/{rel}","templated":true}]}}