{"id":2989,"date":"2018-07-09T17:25:08","date_gmt":"2018-07-09T22:25:08","guid":{"rendered":"https:\/\/foro1025.mx\/?p=2989"},"modified":"2018-07-09T17:25:08","modified_gmt":"2018-07-09T22:25:08","slug":"reciben-docentes-federalizados-reconocimiento-por-anos-de-servicio-educativo","status":"publish","type":"post","link":"https:\/\/foro1025.mx\/?p=2989","title":{"rendered":"Reciben docentes federalizados reconocimiento por a\u00f1os de servicio educativo"},"content":{"rendered":"<p class=\"p3\"><i>\u2022 Refrendan Gobierno del Estado de M\u00e9xico y SNTE compromiso de formar a las ni\u00f1as, ni\u00f1os y j\u00f3venes mexiquenses.<\/i><\/p>\n<p class=\"p3\"><i>\u2022 Reconocen a maestras y maestros con 30 y 40 a\u00f1os de servicio.<\/i><\/p>\n<p class=\"p3\"><b>Zinacantepec, Estado de M\u00e9xico.-\u00a0<\/b>Para reconocer la destacada trayectoria y contribuci\u00f3n en la ense\u00f1anza acad\u00e9mica de la ni\u00f1ez y juventud del Estado de M\u00e9xico, 646 docentes del sistema educativo federalizado recibieron el reconocimiento \u201cMaestro Rafael Ram\u00edrez\u201d y la condecoraci\u00f3n \u201cMaestro Ignacio Manuel Altamirano\u201d por 30 y 40 a\u00f1os de servicio.<\/p>\n<p class=\"p3\">Ante docentes, directores y supervisores escolares, el Director General de los Servicios Educativos Integrados al Estado de M\u00e9xico, Gerardo Monroy Serrano, refiri\u00f3 que estas preseas patentizan el agradecimiento del Gobierno a los maestros que con su experiencia y sabidur\u00eda son ejemplo para las nuevas generaciones de profesores.<\/p>\n<p>&nbsp;<\/p>\n<p><img loading=\"lazy\" decoding=\"async\" class=\"aligncenter size-large wp-image-2990\" src=\"https:\/\/foro1025.mx\/wp-content\/uploads\/2018\/07\/1-1024x682.jpeg\" alt=\"\" width=\"1024\" height=\"682\" \/><\/p>\n<p>&nbsp;<\/p>\n<p class=\"p3\">Por su parte, Eluid Terrazas Ceballos, Secretario General de la Secci\u00f3n 17 del Sindicato Nacional de Trabajadores de la Educaci\u00f3n (SNTE), acompa\u00f1ado del representante del Comit\u00e9 Ejecutivo Nacional, Jos\u00e9 de Jes\u00fas Serrano Aguilera, refrend\u00f3 el compromiso del Gobierno del Estado de M\u00e9xico y del SNTE de formar a m\u00e1s generaciones de ni\u00f1as, ni\u00f1os y j\u00f3venes mexiquenses.<\/p>\n<p class=\"p3\">En representaci\u00f3n de los homenajeados, el Profesor Fortunato Montesino Leana refiri\u00f3 que la mayor satisfacci\u00f3n durante sus a\u00f1os de servicio fue poder moldear y construir conciencias de los ni\u00f1os y j\u00f3venes para que en el presente sean los hombres y las mujeres que den certeza al Estado de M\u00e9xico y la patria.<\/p>\n<p class=\"p3\">El reconocimiento \u201cMaestro Rafael Ram\u00edrez\u201d se otorga anualmente a quienes hayan prestado 30 a\u00f1os de servicio a la educaci\u00f3n, mientras que la condecoraci\u00f3n \u201cMaestro Ignacio Manuel Altamirano\u201d reconoce a docentes nacionales o extranjeros con 40 a\u00f1os de servicio; ambos galardones incluyen una medalla, un diploma, as\u00ed como un est\u00edmulo econ\u00f3mico.<\/p>\n<p class=\"p7\">\n","protected":false},"excerpt":{"rendered":"<div class=\"mh-excerpt\"><p>\u2022 Refrendan Gobierno del Estado de M\u00e9xico y SNTE compromiso de formar a las ni\u00f1as, <a class=\"mh-excerpt-more\" href=\"https:\/\/foro1025.mx\/?p=2989\" title=\"Reciben docentes federalizados reconocimiento por a\u00f1os de servicio educativo\">&#8230;<\/a><\/p>\n<\/div>","protected":false},"author":1,"featured_media":0,"comment_status":"open","ping_status":"open","sticky":false,"template":"","format":"standard","meta":{"footnotes":""},"categories":[13],"tags":[],"class_list":{"0":"post-2989","1":"post","2":"type-post","3":"status-publish","4":"format-standard","6":"category-estado-de-mexico"},"_links":{"self":[{"href":"https:\/\/foro1025.mx\/index.php?rest_route=\/wp\/v2\/posts\/2989","targetHints":{"allow":["GET"]}}],"collection":[{"href":"https:\/\/foro1025.mx\/index.php?rest_route=\/wp\/v2\/posts"}],"about":[{"href":"https:\/\/foro1025.mx\/index.php?rest_route=\/wp\/v2\/types\/post"}],"author":[{"embeddable":true,"href":"https:\/\/foro1025.mx\/index.php?rest_route=\/wp\/v2\/users\/1"}],"replies":[{"embeddable":true,"href":"https:\/\/foro1025.mx\/index.php?rest_route=%2Fwp%2Fv2%2Fcomments&post=2989"}],"version-history":[{"count":1,"href":"https:\/\/foro1025.mx\/index.php?rest_route=\/wp\/v2\/posts\/2989\/revisions"}],"predecessor-version":[{"id":2995,"href":"https:\/\/foro1025.mx\/index.php?rest_route=\/wp\/v2\/posts\/2989\/revisions\/2995"}],"wp:attachment":[{"href":"https:\/\/foro1025.mx\/index.php?rest_route=%2Fwp%2Fv2%2Fmedia&parent=2989"}],"wp:term":[{"taxonomy":"category","embeddable":true,"href":"https:\/\/foro1025.mx\/index.php?rest_route=%2Fwp%2Fv2%2Fcategories&post=2989"},{"taxonomy":"post_tag","embeddable":true,"href":"https:\/\/foro1025.mx\/index.php?rest_route=%2Fwp%2Fv2%2Ftags&post=2989"}],"curies":[{"name":"wp","href":"https:\/\/api.w.org\/{rel}","templated":true}]}}