{"id":2991,"date":"2018-07-09T17:25:55","date_gmt":"2018-07-09T22:25:55","guid":{"rendered":"https:\/\/foro1025.mx\/?p=2991"},"modified":"2018-07-09T17:25:55","modified_gmt":"2018-07-09T22:25:55","slug":"se-necesita-fuerza-compromiso-pero-sobre-todo-vocacion-para-tener-una-educacion-de-calidad-jabe","status":"publish","type":"post","link":"https:\/\/foro1025.mx\/?p=2991","title":{"rendered":"\u201cSe necesita fuerza, compromiso, pero sobre todo, vocaci\u00f3n para tener una educaci\u00f3n de calidad: JABE\u201d"},"content":{"rendered":"<ul>\n<li class=\"p4\"><i>\u00a0Ad\u00e1n Barr\u00f3n reconoce a maestros por 30 a\u00f1os de trabajo ininterrumpido<\/i><\/li>\n<\/ul>\n<p class=\"p5\"><b>Tultitl\u00e1n de Mariano Escobedo, Estado de M\u00e9xico.- <\/b>Con la firme convicci\u00f3n de reconocer a los docentes por cumplir 30 a\u00f1os de trayectoria ininterrumpida, el Gobierno Municipal de Tultitl\u00e1n, encabezado por el maestro en Administraci\u00f3n P\u00fablica Jorge Ad\u00e1n Barr\u00f3n Elizalde, en colaboraci\u00f3n con la Direcci\u00f3n General de Educaci\u00f3n,<span class=\"Apple-converted-space\">\u00a0 <\/span>llev\u00f3 a cabo la entrega de est\u00edmulos econ\u00f3micos a docentes del Municipio.<\/p>\n<p class=\"p5\">El alcalde mencion\u00f3 que para tener una educaci\u00f3n de calidad, es de vital importancia invertir en infraestructura educativa y reconocer el esfuerzo de alumnas y alumnos que estudian en las<span class=\"Apple-converted-space\">\u00a0 <\/span>m\u00e1s de 450 escuelas de la demarcaci\u00f3n.<\/p>\n<p class=\"p5\">De igual manera resalt\u00f3 que \u201chay mucho que se tiene que trabajar, es una l\u00e1stima que tres cuartas partes de los j\u00f3venes que detienen en el Ministerio P\u00fablico son de 12 a 17 a\u00f1os y s\u00e9 que esto empieza desde casa, pero si trabajamos en equipo entre padres y maestros, porque ustedes tambi\u00e9n son formadores de conducta en estas nuevas generaciones\u201d.<\/p>\n<p>&nbsp;<\/p>\n<p><img loading=\"lazy\" decoding=\"async\" class=\"aligncenter size-full wp-image-2993\" src=\"https:\/\/foro1025.mx\/wp-content\/uploads\/2018\/07\/MAESTROS.jpg\" alt=\"\" width=\"720\" height=\"479\" \/><\/p>\n<p>&nbsp;<\/p>\n<p class=\"p5\">Posteriormente se hizo la entrega de reconocimientos y de un est\u00edmulo econ\u00f3mico por parte del ejecutivo local y directores a 26 profesores desde nivel preescolar hasta nivel superior.<\/p>\n<p class=\"p5\">Por su parte, el docente Julio Rebollado agradeci\u00f3 al alcalde por reconocer su trabajo, mencionando que en la educaci\u00f3n \u201cla \u00fanica manera de formar buenos alumnos es ser trabajadores, eficientes pero sobre todo comprometidos con nuestra profesi\u00f3n ya que de nosotros depende apoyar a los futuros licenciados, ingenieros, arquitectos y muchas otras profesiones. S\u00e9 que en Tultitl\u00e1n se nos reconoce y es por ello que agradezco al Presidente Municipal, a nombre de todos mis compa\u00f1eros, por invertir en la educaci\u00f3n\u201d.<\/p>\n<p class=\"p5\">Finalmente, Barr\u00f3n Elizalde dijo que en el pr\u00f3ximo mes se inaugurar\u00e1n otros siete arco techos y que esta administraci\u00f3n es la que m\u00e1s ha invertido en infraestructura educativa y seguir\u00e1n trabajando hasta el \u00faltimo d\u00eda de su gesti\u00f3n para los tultitlenses.<b><i><\/i><\/b><\/p>\n","protected":false},"excerpt":{"rendered":"<div class=\"mh-excerpt\"><p>\u00a0Ad\u00e1n Barr\u00f3n reconoce a maestros por 30 a\u00f1os de trabajo ininterrumpido Tultitl\u00e1n de Mariano Escobedo, <a class=\"mh-excerpt-more\" href=\"https:\/\/foro1025.mx\/?p=2991\" title=\"\u201cSe necesita fuerza, compromiso, pero sobre todo, vocaci\u00f3n para tener una educaci\u00f3n de calidad: JABE\u201d\">&#8230;<\/a><\/p>\n<\/div>","protected":false},"author":1,"featured_media":0,"comment_status":"open","ping_status":"open","sticky":false,"template":"","format":"standard","meta":{"footnotes":""},"categories":[10],"tags":[],"class_list":{"0":"post-2991","1":"post","2":"type-post","3":"status-publish","4":"format-standard","6":"category-tultitlan"},"_links":{"self":[{"href":"https:\/\/foro1025.mx\/index.php?rest_route=\/wp\/v2\/posts\/2991","targetHints":{"allow":["GET"]}}],"collection":[{"href":"https:\/\/foro1025.mx\/index.php?rest_route=\/wp\/v2\/posts"}],"about":[{"href":"https:\/\/foro1025.mx\/index.php?rest_route=\/wp\/v2\/types\/post"}],"author":[{"embeddable":true,"href":"https:\/\/foro1025.mx\/index.php?rest_route=\/wp\/v2\/users\/1"}],"replies":[{"embeddable":true,"href":"https:\/\/foro1025.mx\/index.php?rest_route=%2Fwp%2Fv2%2Fcomments&post=2991"}],"version-history":[{"count":1,"href":"https:\/\/foro1025.mx\/index.php?rest_route=\/wp\/v2\/posts\/2991\/revisions"}],"predecessor-version":[{"id":2996,"href":"https:\/\/foro1025.mx\/index.php?rest_route=\/wp\/v2\/posts\/2991\/revisions\/2996"}],"wp:attachment":[{"href":"https:\/\/foro1025.mx\/index.php?rest_route=%2Fwp%2Fv2%2Fmedia&parent=2991"}],"wp:term":[{"taxonomy":"category","embeddable":true,"href":"https:\/\/foro1025.mx\/index.php?rest_route=%2Fwp%2Fv2%2Fcategories&post=2991"},{"taxonomy":"post_tag","embeddable":true,"href":"https:\/\/foro1025.mx\/index.php?rest_route=%2Fwp%2Fv2%2Ftags&post=2991"}],"curies":[{"name":"wp","href":"https:\/\/api.w.org\/{rel}","templated":true}]}}