{"id":29991,"date":"2024-06-16T17:42:48","date_gmt":"2024-06-16T23:42:48","guid":{"rendered":"https:\/\/foro1025.mx\/?p=29991"},"modified":"2024-06-17T17:44:01","modified_gmt":"2024-06-17T23:44:01","slug":"secti-realiza-foro-estatal-de-educacion-primaria-la-nueva-escuela-mexicana-retos-y-posibilidades-en-el-estado-de-mexico","status":"publish","type":"post","link":"https:\/\/foro1025.mx\/?p=29991","title":{"rendered":"SECTI realiza Foro Estatal de Educaci\u00f3n Primaria \u00abLa Nueva Escuela Mexicana: Retos y Posibilidades\u00bb en el Estado de M\u00e9xico"},"content":{"rendered":"<p class=\"p3\"><i>El encuentro re\u00fane a Subdirectores Regionales, Supervisores Escolares, Asesores Metodol\u00f3gicos y Directores Escolares de nivel Primaria del Subsistema Educativo Estatal<\/i><\/p>\n<p class=\"p3\"><i>Dialogan sobre la apropiaci\u00f3n y concreci\u00f3n de los nuevos planes y programas de estudio.<\/i><\/p>\n<p class=\"p3\"><b>TOLUCA, <\/b>Estado de M\u00e9xico.-<b> <\/b>Con el objetivo de fortalecer las habilidades y conocimientos desde una perspectiva t\u00e9cnico-pedag\u00f3gica la Secretar\u00eda de Educaci\u00f3n, Ciencia, Tecnolog\u00eda e Innovaci\u00f3n (SECTI) realiz\u00f3 el Foro Estatal de Educaci\u00f3n Primaria \u201cLa Nueva Escuela Mexicana: retos y posibilidades\u00bb como parte de las Caravanas de la Nueva Escuela Mexicana (NEM) de la Secretar\u00eda de Educaci\u00f3n P\u00fablica (SEP).<\/p>\n<p class=\"p3\">Este foro reuni\u00f3 a Subdirectores Regionales, Supervisores Escolares, Asesores Metodol\u00f3gicos y Directores Escolares de nivel Primaria del Subsistema Educativo Estatal, quienes conocieron la visi\u00f3n de expertos nacionales sobre los retos y posibilidades del marco curricular, fortaleciendo as\u00ed el trabajo de maestras y maestros.<\/p>\n<p class=\"p3\">Para la SECTI, la educaci\u00f3n va m\u00e1s all\u00e1 de la simple transmisi\u00f3n de conocimientos sino tambi\u00e9n la capacidad de acceder a la igualdad real de oportunidades, tal y como se impulsa en la actual administraci\u00f3n estatal encabezada por la Gobernadora Delfina G\u00f3mez \u00c1lvarez.<\/p>\n<p class=\"p3\">El nuevo modelo pedag\u00f3gico promueve un enfoque humanista, cr\u00edtico y comunitario, basado en el respeto irrestricto a la dignidad de las personas, los derechos humanos y la igualdad sustantiva, a trav\u00e9s del cual se busca formar una ciudadan\u00eda capaz de enfrentar de manera cr\u00edtica los retos econ\u00f3micos, sociales, pol\u00edticos y culturales del mundo globalizado.<\/p>\n<p class=\"p3\">El foro impuls\u00f3 acciones formativas para que las figuras de acompa\u00f1amiento pedag\u00f3gico promuevan una reflexi\u00f3n cr\u00edtica sobre la pr\u00e1ctica docente, fortaleciendo la autonom\u00eda profesional.<\/p>\n<p class=\"p3\">Adem\u00e1s, de identificar \u00e1reas de oportunidad y aspectos t\u00e9cnico-pedag\u00f3gicos que se deben fortalecer, generando mejoras relevantes en la labor de directivos y equipos de supervisi\u00f3n para alcanzar los niveles m\u00e1s altos de aprendizaje y la excelencia educativa.<\/p>\n","protected":false},"excerpt":{"rendered":"<div class=\"mh-excerpt\"><p>El encuentro re\u00fane a Subdirectores Regionales, Supervisores Escolares, Asesores Metodol\u00f3gicos y Directores Escolares de nivel <a class=\"mh-excerpt-more\" href=\"https:\/\/foro1025.mx\/?p=29991\" title=\"SECTI realiza Foro Estatal de Educaci\u00f3n Primaria \u00abLa Nueva Escuela Mexicana: Retos y Posibilidades\u00bb en el Estado de M\u00e9xico\">&#8230;<\/a><\/p>\n<\/div>","protected":false},"author":1,"featured_media":29992,"comment_status":"closed","ping_status":"closed","sticky":false,"template":"","format":"standard","meta":{"footnotes":""},"categories":[13],"tags":[],"class_list":{"0":"post-29991","1":"post","2":"type-post","3":"status-publish","4":"format-standard","5":"has-post-thumbnail","7":"category-estado-de-mexico"},"_links":{"self":[{"href":"https:\/\/foro1025.mx\/index.php?rest_route=\/wp\/v2\/posts\/29991","targetHints":{"allow":["GET"]}}],"collection":[{"href":"https:\/\/foro1025.mx\/index.php?rest_route=\/wp\/v2\/posts"}],"about":[{"href":"https:\/\/foro1025.mx\/index.php?rest_route=\/wp\/v2\/types\/post"}],"author":[{"embeddable":true,"href":"https:\/\/foro1025.mx\/index.php?rest_route=\/wp\/v2\/users\/1"}],"replies":[{"embeddable":true,"href":"https:\/\/foro1025.mx\/index.php?rest_route=%2Fwp%2Fv2%2Fcomments&post=29991"}],"version-history":[{"count":1,"href":"https:\/\/foro1025.mx\/index.php?rest_route=\/wp\/v2\/posts\/29991\/revisions"}],"predecessor-version":[{"id":29993,"href":"https:\/\/foro1025.mx\/index.php?rest_route=\/wp\/v2\/posts\/29991\/revisions\/29993"}],"wp:featuredmedia":[{"embeddable":true,"href":"https:\/\/foro1025.mx\/index.php?rest_route=\/wp\/v2\/media\/29992"}],"wp:attachment":[{"href":"https:\/\/foro1025.mx\/index.php?rest_route=%2Fwp%2Fv2%2Fmedia&parent=29991"}],"wp:term":[{"taxonomy":"category","embeddable":true,"href":"https:\/\/foro1025.mx\/index.php?rest_route=%2Fwp%2Fv2%2Fcategories&post=29991"},{"taxonomy":"post_tag","embeddable":true,"href":"https:\/\/foro1025.mx\/index.php?rest_route=%2Fwp%2Fv2%2Ftags&post=29991"}],"curies":[{"name":"wp","href":"https:\/\/api.w.org\/{rel}","templated":true}]}}