{"id":30004,"date":"2024-06-17T18:26:54","date_gmt":"2024-06-18T00:26:54","guid":{"rendered":"https:\/\/foro1025.mx\/?p=30004"},"modified":"2024-06-17T18:30:03","modified_gmt":"2024-06-18T00:30:03","slug":"cuarta-marcha-del-orgullo-ligbtiqa-en-coacalco","status":"publish","type":"post","link":"https:\/\/foro1025.mx\/?p=30004","title":{"rendered":"Cuarta marcha del orgullo LGBTIQA+ en Coacalco"},"content":{"rendered":"<p class=\"p1\">Con los colores del arco\u00edris, se llev\u00f3 a cabo la 4ta Marcha del Orgullo LGBTQIA+ en Coacalco, con el prop\u00f3sito de celebrar la diversidad y la autenticidad de las identidades sexuales y de g\u00e9nero, as\u00ed como continuar con la lucha por la igualdad y la aceptaci\u00f3n, defendiendo los derechos de todas las personas.<\/p>\n<p class=\"p1\">Alrededor de las 12:00 horas del s\u00e1bado, un contingente de la comunidad LGBTQIA+ acompa\u00f1ado de familiares y amigos, realizaron un recorrido por las calles de Coacalco, hasta llegar al Centro Cultural \u201cIng. Juan Manuel P\u00e9rez Balbuena\u201d, para entregar un pliego petitorio al presidente interino por Ministerio de Ley, Arturo Leonardo Calderas Espinoza.<\/p>\n<p class=\"p1\">Calderas Espinoza dio la bienvenida a los integrantes de la marcha y dijo que analizar\u00e1n las solicitudes del pliego; algunas de las peticiones fueron: creaci\u00f3n de talleres para que la comunidad aprenda algunos oficios, brindar asesor\u00edas psicol\u00f3gicas, programar cursos de sensibilidad a las dependencias del gobierno municipal, crear tarjetas de identidad para la comunidad a trav\u00e9s del Seguro Popular Municipal, entre otras.<\/p>\n<p class=\"p1\">Resalt\u00f3 a los asistentes, que no importa a quien se quiera, lo importante es que los valores de las personas sean respetados y todos puedan gozar de los derechos humanos en igualdad.<\/p>\n<p class=\"p1\">La comunidad design\u00f3 a cuatro embajadores 2024 -Trans, Queer, Les y Gay-, quienes promover\u00e1n los derechos de la comunidad y ser\u00e1n de apoyo para quienes lo necesiten.<\/p>\n<p class=\"p1\">Tambi\u00e9n llevaron a cabo, en el centro cultural, diversos espect\u00e1culos musicales que pusieron a bailar y cantar a los asistentes.<\/p>\n<p class=\"p1\">Para finalizar, Arturo Calderas Espinoza coron\u00f3 a la madrina la 4ta Marcha del Orgullo LGBTQIA+ de Coacalco, la actriz y conductora Liz Vega, quien tambi\u00e9n ofreci\u00f3 un espect\u00e1culo musical.<\/p>\n","protected":false},"excerpt":{"rendered":"<div class=\"mh-excerpt\"><p>Con los colores del arco\u00edris, se llev\u00f3 a cabo la 4ta Marcha del Orgullo LGBTQIA+ <a class=\"mh-excerpt-more\" href=\"https:\/\/foro1025.mx\/?p=30004\" title=\"Cuarta marcha del orgullo LGBTIQA+ en Coacalco\">&#8230;<\/a><\/p>\n<\/div>","protected":false},"author":1,"featured_media":30005,"comment_status":"closed","ping_status":"closed","sticky":false,"template":"","format":"standard","meta":{"footnotes":""},"categories":[7],"tags":[],"class_list":{"0":"post-30004","1":"post","2":"type-post","3":"status-publish","4":"format-standard","5":"has-post-thumbnail","7":"category-coacalco"},"_links":{"self":[{"href":"https:\/\/foro1025.mx\/index.php?rest_route=\/wp\/v2\/posts\/30004","targetHints":{"allow":["GET"]}}],"collection":[{"href":"https:\/\/foro1025.mx\/index.php?rest_route=\/wp\/v2\/posts"}],"about":[{"href":"https:\/\/foro1025.mx\/index.php?rest_route=\/wp\/v2\/types\/post"}],"author":[{"embeddable":true,"href":"https:\/\/foro1025.mx\/index.php?rest_route=\/wp\/v2\/users\/1"}],"replies":[{"embeddable":true,"href":"https:\/\/foro1025.mx\/index.php?rest_route=%2Fwp%2Fv2%2Fcomments&post=30004"}],"version-history":[{"count":2,"href":"https:\/\/foro1025.mx\/index.php?rest_route=\/wp\/v2\/posts\/30004\/revisions"}],"predecessor-version":[{"id":30007,"href":"https:\/\/foro1025.mx\/index.php?rest_route=\/wp\/v2\/posts\/30004\/revisions\/30007"}],"wp:featuredmedia":[{"embeddable":true,"href":"https:\/\/foro1025.mx\/index.php?rest_route=\/wp\/v2\/media\/30005"}],"wp:attachment":[{"href":"https:\/\/foro1025.mx\/index.php?rest_route=%2Fwp%2Fv2%2Fmedia&parent=30004"}],"wp:term":[{"taxonomy":"category","embeddable":true,"href":"https:\/\/foro1025.mx\/index.php?rest_route=%2Fwp%2Fv2%2Fcategories&post=30004"},{"taxonomy":"post_tag","embeddable":true,"href":"https:\/\/foro1025.mx\/index.php?rest_route=%2Fwp%2Fv2%2Ftags&post=30004"}],"curies":[{"name":"wp","href":"https:\/\/api.w.org\/{rel}","templated":true}]}}