{"id":30008,"date":"2024-06-17T18:33:16","date_gmt":"2024-06-18T00:33:16","guid":{"rendered":"https:\/\/foro1025.mx\/?p=30008"},"modified":"2024-06-17T18:33:16","modified_gmt":"2024-06-18T00:33:16","slug":"gobernadora-delfina-gomez-alvarez-encabeza-ceremonia-de-izamiento-de-bandera-y-arranque-de-la-campana-de-destruccion-de-armamento-en-el-edomex","status":"publish","type":"post","link":"https:\/\/foro1025.mx\/?p=30008","title":{"rendered":"Gobernadora Delfina G\u00f3mez \u00c1lvarez encabeza ceremonia de izamiento de Bandera y arranque de la campa\u00f1a de Destrucci\u00f3n de Armamento en el EdoM\u00e9x"},"content":{"rendered":"<p class=\"p4\"><i>La Maestra Delfina G\u00f3mez \u00c1lvarez e integrantes del Gabinete rinden honores al l\u00e1baro patrio en la Plaza de los M\u00e1rtires. <\/i><\/p>\n<p class=\"p4\"><i>Elementos del Ej\u00e9rcito Mexicano destruyen 82 armas aseguradas en operativos emanados de la Mesa de Coordinaci\u00f3n para la Construcci\u00f3n de la Paz.\u00a0<\/i><\/p>\n<p class=\"p7\"><b>TOLUCA, <\/b>Estado de M\u00e9xico.- La Gobernadora Delfina G\u00f3mez \u00c1lvarez encabez\u00f3 la ceremonia c\u00edvica de izamiento de Bandera en la Plaza de los M\u00e1rtires, y presenci\u00f3 el arranque de la campa\u00f1a de Destrucci\u00f3n de Armamento a cargo de la Secretar\u00eda de la Defensa Nacional (Sedena).<\/p>\n<p class=\"p7\">Al t\u00e9rmino de la ceremonia c\u00edvica en la Plaza de los M\u00e1rtires, la Gobernadora Delfina G\u00f3mez \u00c1lvarez fue testigo de la destrucci\u00f3n de 54 armas cortas y 28 largas, las cuales fueron aseguradas por los tres \u00f3rdenes de gobierno.<\/p>\n<p class=\"p7\">El Comandante de la 22\u00aa Zona Militar, Jos\u00e9 Mart\u00edn Luna de la Luz explic\u00f3 que las armas fueron puestas a disposici\u00f3n por las autoridades judiciales, quienes mediante los procedimientos legales correspondientes, decretaron su decomiso.<\/p>\n<p class=\"p7\">Puntualiz\u00f3 que en las instalaciones de la 22\u00aa Zona Militar se encuentran mil 226 armas largas y mil 639 armas cortas bajo carpeta de investigaci\u00f3n.<\/p>\n<p class=\"p7\">Estas acciones, dijo, son resultado de las actividades que se revisan a diario en la Mesa de Coordinaci\u00f3n para la Construcci\u00f3n de la Paz y por el trabajo conjunto de los tres \u00f3rdenes de gobierno.<\/p>\n<p class=\"p7\">La Sedena destaca que esta campa\u00f1a tiene como objetivo reducir la violencia y evitar que las armas lleguen a manos de la delincuencia, mediante la prevenci\u00f3n y disminuci\u00f3n de factores de riesgo para alejar a la poblaci\u00f3n de la posible comisi\u00f3n de faltas o delitos.<\/p>\n<p class=\"p7\">En ambos eventos la Gobernadora Delfina G\u00f3mez \u00c1lvarez estuvo acompa\u00f1ada por las y los integrantes del Gabinete estatal, as\u00ed como por las autoridades que conforman la Mesa de Coordinaci\u00f3n para la Construcci\u00f3n de la Paz.<\/p>\n","protected":false},"excerpt":{"rendered":"<div class=\"mh-excerpt\"><p>La Maestra Delfina G\u00f3mez \u00c1lvarez e integrantes del Gabinete rinden honores al l\u00e1baro patrio en <a class=\"mh-excerpt-more\" href=\"https:\/\/foro1025.mx\/?p=30008\" title=\"Gobernadora Delfina G\u00f3mez \u00c1lvarez encabeza ceremonia de izamiento de Bandera y arranque de la campa\u00f1a de Destrucci\u00f3n de Armamento en el EdoM\u00e9x\">&#8230;<\/a><\/p>\n<\/div>","protected":false},"author":1,"featured_media":30009,"comment_status":"closed","ping_status":"closed","sticky":false,"template":"","format":"standard","meta":{"footnotes":""},"categories":[13],"tags":[],"class_list":{"0":"post-30008","1":"post","2":"type-post","3":"status-publish","4":"format-standard","5":"has-post-thumbnail","7":"category-estado-de-mexico"},"_links":{"self":[{"href":"https:\/\/foro1025.mx\/index.php?rest_route=\/wp\/v2\/posts\/30008","targetHints":{"allow":["GET"]}}],"collection":[{"href":"https:\/\/foro1025.mx\/index.php?rest_route=\/wp\/v2\/posts"}],"about":[{"href":"https:\/\/foro1025.mx\/index.php?rest_route=\/wp\/v2\/types\/post"}],"author":[{"embeddable":true,"href":"https:\/\/foro1025.mx\/index.php?rest_route=\/wp\/v2\/users\/1"}],"replies":[{"embeddable":true,"href":"https:\/\/foro1025.mx\/index.php?rest_route=%2Fwp%2Fv2%2Fcomments&post=30008"}],"version-history":[{"count":1,"href":"https:\/\/foro1025.mx\/index.php?rest_route=\/wp\/v2\/posts\/30008\/revisions"}],"predecessor-version":[{"id":30010,"href":"https:\/\/foro1025.mx\/index.php?rest_route=\/wp\/v2\/posts\/30008\/revisions\/30010"}],"wp:featuredmedia":[{"embeddable":true,"href":"https:\/\/foro1025.mx\/index.php?rest_route=\/wp\/v2\/media\/30009"}],"wp:attachment":[{"href":"https:\/\/foro1025.mx\/index.php?rest_route=%2Fwp%2Fv2%2Fmedia&parent=30008"}],"wp:term":[{"taxonomy":"category","embeddable":true,"href":"https:\/\/foro1025.mx\/index.php?rest_route=%2Fwp%2Fv2%2Fcategories&post=30008"},{"taxonomy":"post_tag","embeddable":true,"href":"https:\/\/foro1025.mx\/index.php?rest_route=%2Fwp%2Fv2%2Ftags&post=30008"}],"curies":[{"name":"wp","href":"https:\/\/api.w.org\/{rel}","templated":true}]}}