{"id":30930,"date":"2024-07-22T13:49:10","date_gmt":"2024-07-22T19:49:10","guid":{"rendered":"https:\/\/foro1025.mx\/?p=30930"},"modified":"2024-07-25T18:21:03","modified_gmt":"2024-07-26T00:21:03","slug":"ensamble-folklorico-eslovaco-se-representa-con-exito-en-coacalco","status":"publish","type":"post","link":"https:\/\/foro1025.mx\/?p=30930","title":{"rendered":"Ensamble folkl\u00f3rico eslovaco se representa con \u00e9xito en Coacalco"},"content":{"rendered":"<p class=\"p1\">Con la presentaci\u00f3n de cerca de 100 bailarines, m\u00fasicos y cantantes de M\u00e9xico y Eslovaquia, se llev\u00f3 a cabo en el Centro Cultural \u201cIng. Juan Manuel P\u00e9rez Balbuena\u201d, la gala de folklore internacional que organiz\u00f3 el Gobierno de Coacalco para promover la cultura y el arte en el municipio, con actividades gratuitas.<\/p>\n<p class=\"p1\">Marlon Ram\u00edrez Villalba, Director de Educaci\u00f3n y Cultura, en representaci\u00f3n del Presidente Municipal de Coacalco, David S\u00e1nchez Isidoro, dio la bienvenida a los artistas invitados: Ballet Folkl\u00f3rico \u201cGuijarro Lake Forest\u201d, Compa\u00f1\u00eda de \u201cDanza Folkl\u00f3rica de la CDMX\u201d y el Ensamble \u201cKarpaty, Bratislavia-Ruzi\u00f1ov, Slovaquia\u201d, quienes mostraron parte de las tradiciones y costumbres de M\u00e9xico y Eslovaquia a trav\u00e9s de la m\u00fasica y el baile.<\/p>\n<p class=\"p1\">Por parte de M\u00e9xico, se presentaron bailes t\u00edpicos de Sinaloa, Jalisco, Nayarit y Zacatecas, mientras que de Eslovaquia, adem\u00e1s de interpretar canciones tradicionales, bailaron piezas de diferentes regiones de su pa\u00eds.<\/p>\n<p class=\"p1\">El invitado especial, Ensamble \u201cKarpaty,<span class=\"Apple-converted-space\">\u00a0 <\/span>Bratislavia-Ruzi\u00f1ov, Slovaquia\u201d, fue fundado en 1998 y ha participado en m\u00e1s de 50 festivales de folklore, en m\u00e1s de 25 pa\u00edses, entre ellos: Espa\u00f1a, Alemania, Jordania, Egipto, China, India Nepal y M\u00e9xico, entre otros; su nombre fue tomado de los montes C\u00e1rpatos, los cuales cruzan el centro del este de Europa.<\/p>\n<p class=\"p1\">Al finalizar su presentaci\u00f3n, el ensamble eslovaco tom\u00f3 por sorpresa al p\u00fablico mexicano al interpretar \u00abCielito Lindo\u00bb, donde adem\u00e1s de cantar, tambi\u00e9n se unieron los dem\u00e1s bailarines mexicanos y sacaron a bailar al p\u00fablico.<\/p>\n","protected":false},"excerpt":{"rendered":"<div class=\"mh-excerpt\"><p>Con la presentaci\u00f3n de cerca de 100 bailarines, m\u00fasicos y cantantes de M\u00e9xico y Eslovaquia, <a class=\"mh-excerpt-more\" href=\"https:\/\/foro1025.mx\/?p=30930\" title=\"Ensamble folkl\u00f3rico eslovaco se representa con \u00e9xito en Coacalco\">&#8230;<\/a><\/p>\n<\/div>","protected":false},"author":1,"featured_media":30931,"comment_status":"closed","ping_status":"closed","sticky":false,"template":"","format":"standard","meta":{"footnotes":""},"categories":[7,20],"tags":[],"class_list":{"0":"post-30930","1":"post","2":"type-post","3":"status-publish","4":"format-standard","5":"has-post-thumbnail","7":"category-coacalco","8":"category-cultura"},"_links":{"self":[{"href":"https:\/\/foro1025.mx\/index.php?rest_route=\/wp\/v2\/posts\/30930","targetHints":{"allow":["GET"]}}],"collection":[{"href":"https:\/\/foro1025.mx\/index.php?rest_route=\/wp\/v2\/posts"}],"about":[{"href":"https:\/\/foro1025.mx\/index.php?rest_route=\/wp\/v2\/types\/post"}],"author":[{"embeddable":true,"href":"https:\/\/foro1025.mx\/index.php?rest_route=\/wp\/v2\/users\/1"}],"replies":[{"embeddable":true,"href":"https:\/\/foro1025.mx\/index.php?rest_route=%2Fwp%2Fv2%2Fcomments&post=30930"}],"version-history":[{"count":2,"href":"https:\/\/foro1025.mx\/index.php?rest_route=\/wp\/v2\/posts\/30930\/revisions"}],"predecessor-version":[{"id":30933,"href":"https:\/\/foro1025.mx\/index.php?rest_route=\/wp\/v2\/posts\/30930\/revisions\/30933"}],"wp:featuredmedia":[{"embeddable":true,"href":"https:\/\/foro1025.mx\/index.php?rest_route=\/wp\/v2\/media\/30931"}],"wp:attachment":[{"href":"https:\/\/foro1025.mx\/index.php?rest_route=%2Fwp%2Fv2%2Fmedia&parent=30930"}],"wp:term":[{"taxonomy":"category","embeddable":true,"href":"https:\/\/foro1025.mx\/index.php?rest_route=%2Fwp%2Fv2%2Fcategories&post=30930"},{"taxonomy":"post_tag","embeddable":true,"href":"https:\/\/foro1025.mx\/index.php?rest_route=%2Fwp%2Fv2%2Ftags&post=30930"}],"curies":[{"name":"wp","href":"https:\/\/api.w.org\/{rel}","templated":true}]}}