{"id":30943,"date":"2024-07-21T18:42:20","date_gmt":"2024-07-22T00:42:20","guid":{"rendered":"https:\/\/foro1025.mx\/?p=30943"},"modified":"2024-07-25T18:44:13","modified_gmt":"2024-07-26T00:44:13","slug":"gobernadora-delfina-gomez-alvarez-promueve-el-bienestar-animal-con-caminata-y-caravanas-de-atencion-a-mascotas-y-animales-en-situacion-de-calle","status":"publish","type":"post","link":"https:\/\/foro1025.mx\/?p=30943","title":{"rendered":"Gobernadora Delfina G\u00f3mez \u00c1lvarez promueve el bienestar animal con caminata y caravanas de atenci\u00f3n a mascotas y animales en situaci\u00f3n de calle"},"content":{"rendered":"<p class=\"p3\"><i>La Mandataria estatal se suma a la conmemoraci\u00f3n del D\u00eda Mundial del Perro, invitando al cuidado responsable de los seres sintientes.<\/i><\/p>\n<p class=\"p3\"><i>El EdoM\u00e9x es pionero en promover leyes para el cuidado y protecci\u00f3n animal<\/i><\/p>\n<p class=\"p5\"><b>TOLUCA,<\/b> Estado de M\u00e9xico.- En el marco de la conmemoraci\u00f3n por el D\u00eda Mundial del Perro y con el prop\u00f3sito de fomentar una cultura del cuidado de los animales de compa\u00f1\u00eda y una tenencia responsable, la Gobernadora Delfina G\u00f3mez \u00c1lvarez encabez\u00f3 una caminata y puso en marcha las Caravanas por el Bienestar Animal donde se ofrecer\u00e1n diversos servicios que contribuyan a mejorar la calidad de vida de los seres que no tienen voz.<\/p>\n<p class=\"p5\">\u201cEl D\u00eda Mundial del Perro nos sirva para reflexionar y para hacer conciencia de todo lo que hace falta efectivamente para dar y hacer justicia, no solamente a nuestros perritos, sino a todo el mundo animal, porque creo que como humanos tenemos todav\u00eda esa gran responsabilidad, pero tambi\u00e9n ese gran compromiso y esa falta de justicia para todos estos seres sintientes\u201d, afirm\u00f3 la Gobernadora Delfina G\u00f3mez \u00c1lvarez<\/p>\n<p class=\"p5\">La caminata encabeza por la Gobernadora mexiquense parti\u00f3 del Parque Zaragoza, recorri\u00f3 las principales calles del Centro Hist\u00f3rico de la ciudad de Toluca, y finaliz\u00f3 en la Explanada del Teatro Morelos.<\/p>\n<p class=\"p5\">La Maestra Delfina G\u00f3mez \u00c1lvarez estuvo acompa\u00f1ada por Juan Maccise Naime, Presidente municipal de Toluca; integrantes del Gabinete; la Unidad Canina de la Secretar\u00eda de Seguridad estatal (SSEM); activistas defensores de los derechos de los animales; as\u00ed como de ciudadanos mexiquenses que acudieron con sus mascotas.<\/p>\n<p class=\"p5\">Al llegar a la explanada del Teatro Morelos, la Mandataria estatal hizo un llamado a las y los mexiquenses para ser responsables con sus mascotas y a denunciar el maltrato animal.<\/p>\n<p class=\"p5\">En este sentido hizo un reconocimiento a la Fiscal\u00eda General de Justicia del Estado de M\u00e9xico (FGJEM) por sumarse a este esfuerzo y dar atenci\u00f3n a las denuncias sobre este tema.<\/p>\n<p class=\"p5\">Asimismo, la Mandataria estatal se\u00f1al\u00f3 que su gobierno trabaja para mejorar las acciones sobre cuidado y protecci\u00f3n animal, con la instalaci\u00f3n de una Mesa de Alto Nivel encargada de realizar la propuesta para un nuevo marco normativo en esta materia, donde se est\u00e1n tomando en cuenta las voces de expertos, activistas y autoridades.<\/p>\n<p class=\"p5\">\u201cSe va a hacer una reuni\u00f3n de trabajo en donde se d\u00e9 a conocer, en primera instancia con las protectoras, porque son ellas las que saben en d\u00f3nde podemos todav\u00eda mejorar la ley, y ya despu\u00e9s la pasaremos a nuestra C\u00e1mara de Diputados para que se pueda trabajar lo que es mejorar las reglas, las leyes, de lo que es el cuidado y el no maltrato hacia nuestros seres sintientes\u201d, indic\u00f3 la Maestra Delfina G\u00f3mez \u00c1lvarez.<\/p>\n<p class=\"p5\">La Gobernadora mexiquense tambi\u00e9n reconoci\u00f3 a las Protectoras de animales, a quienes llamo h\u00e9roes, por la noble labor que realizan al rescatan de las calles a los perritos y darles los cuidados que merecen estos seres sintientes.<\/p>\n<p class=\"p5\">La Maestra delfina G\u00f3mez \u00c1lvarez invit\u00f3 a la poblaci\u00f3n mexiquense a sumarse a esta tarea a trav\u00e9s de apadrinar a un perrito, es decir, apoyando con alimento y visit\u00e1ndolo o incluso adoptarlo, \u201clos invitamos a que cuiden, protejan y respeten a todos los seres sintientes de este planeta\u201d, se\u00f1al\u00f3.<\/p>\n<p class=\"p5\">Por su parte,<span class=\"Apple-converted-space\">\u00a0 <\/span>Alma Diana Tapia Maya, Directora General de la Comisi\u00f3n Estatal de Parques Naturales y Fauna (Cepanaf) inform\u00f3 que las Caravanas por el Bienestar Animal recorrer\u00e1n los 125 municipios del Estado de M\u00e9xico ofreciendo servicios como: esterilizaciones gratuitas, desparasitaci\u00f3n, asesor\u00eda m\u00e9dica, est\u00e9tica canina y adopci\u00f3n; as\u00ed como diversos talleres y actividades l\u00fadicas en materia de cuidado animal.<\/p>\n<p class=\"p5\">Elideth Fern\u00e1ndez Villegas, Presidenta de la Fundaci\u00f3n por el Reconocimiento de la Consciencia y de los Derechos de los Animales A.C., agradeci\u00f3 a la Gobernadora Delfina G\u00f3mez \u00c1lvarez por ser pionera en promover acciones por el bienestar animal y atender la problem\u00e1tica de sobrepoblaci\u00f3n de perros que afecta a la entidad mexiquense.<\/p>\n<p class=\"p5\">Adem\u00e1s, entreg\u00f3 un documento a la Titular del Ejecutivo estatal con un dec\u00e1logo de seis ejes fundamentales para ser consideradas en las pol\u00edticas p\u00fablicas, as\u00ed como un reconocimiento por su labor y s\u00edmbolo de trabajo conjunto en favor de los seres sintientes.<\/p>\n","protected":false},"excerpt":{"rendered":"<div class=\"mh-excerpt\"><p>La Mandataria estatal se suma a la conmemoraci\u00f3n del D\u00eda Mundial del Perro, invitando al <a class=\"mh-excerpt-more\" href=\"https:\/\/foro1025.mx\/?p=30943\" title=\"Gobernadora Delfina G\u00f3mez \u00c1lvarez promueve el bienestar animal con caminata y caravanas de atenci\u00f3n a mascotas y animales en situaci\u00f3n de calle\">&#8230;<\/a><\/p>\n<\/div>","protected":false},"author":1,"featured_media":30944,"comment_status":"closed","ping_status":"closed","sticky":false,"template":"","format":"standard","meta":{"footnotes":""},"categories":[13],"tags":[],"class_list":{"0":"post-30943","1":"post","2":"type-post","3":"status-publish","4":"format-standard","5":"has-post-thumbnail","7":"category-estado-de-mexico"},"_links":{"self":[{"href":"https:\/\/foro1025.mx\/index.php?rest_route=\/wp\/v2\/posts\/30943","targetHints":{"allow":["GET"]}}],"collection":[{"href":"https:\/\/foro1025.mx\/index.php?rest_route=\/wp\/v2\/posts"}],"about":[{"href":"https:\/\/foro1025.mx\/index.php?rest_route=\/wp\/v2\/types\/post"}],"author":[{"embeddable":true,"href":"https:\/\/foro1025.mx\/index.php?rest_route=\/wp\/v2\/users\/1"}],"replies":[{"embeddable":true,"href":"https:\/\/foro1025.mx\/index.php?rest_route=%2Fwp%2Fv2%2Fcomments&post=30943"}],"version-history":[{"count":1,"href":"https:\/\/foro1025.mx\/index.php?rest_route=\/wp\/v2\/posts\/30943\/revisions"}],"predecessor-version":[{"id":30945,"href":"https:\/\/foro1025.mx\/index.php?rest_route=\/wp\/v2\/posts\/30943\/revisions\/30945"}],"wp:featuredmedia":[{"embeddable":true,"href":"https:\/\/foro1025.mx\/index.php?rest_route=\/wp\/v2\/media\/30944"}],"wp:attachment":[{"href":"https:\/\/foro1025.mx\/index.php?rest_route=%2Fwp%2Fv2%2Fmedia&parent=30943"}],"wp:term":[{"taxonomy":"category","embeddable":true,"href":"https:\/\/foro1025.mx\/index.php?rest_route=%2Fwp%2Fv2%2Fcategories&post=30943"},{"taxonomy":"post_tag","embeddable":true,"href":"https:\/\/foro1025.mx\/index.php?rest_route=%2Fwp%2Fv2%2Ftags&post=30943"}],"curies":[{"name":"wp","href":"https:\/\/api.w.org\/{rel}","templated":true}]}}