{"id":30974,"date":"2024-07-22T19:59:32","date_gmt":"2024-07-23T01:59:32","guid":{"rendered":"https:\/\/foro1025.mx\/?p=30974"},"modified":"2024-07-25T20:00:58","modified_gmt":"2024-07-26T02:00:58","slug":"dif-tlalnepantla-anfitrion-del-inicio-de-los-trabajos-intermunicipales-para-erradicar-el-trabajo-infantil","status":"publish","type":"post","link":"https:\/\/foro1025.mx\/?p=30974","title":{"rendered":"DIF Tlalnepantla anfitri\u00f3n del inicio de los trabajos intermunicipales para erradicar el trabajo infantil"},"content":{"rendered":"<p class=\"p1\"><em>* La Procuradora de Protecci\u00f3n de Ni\u00f1as, Ni\u00f1os y Adolescentes de Tlalnepantla, Vianey M\u00e9ndez Nieto, tom\u00f3 protesta al Presidente y Secretaria T\u00e9cnica del Comit\u00e9 Intermunicipal<\/em><\/p>\n<p class=\"p1\">Tlalnepantla de Baz, Estado de M\u00e9xico.- El Sistema Municipal DIF de Tlalnepantla fue sede de la Primera Sesi\u00f3n de la Ruta Intermunicipal para la Erradicaci\u00f3n del Trabajo Infantil, en la que tambi\u00e9n participan los municipios de Atizap\u00e1n de Zaragoza, Nicol\u00e1s Romero y Cuautitl\u00e1n Izcalli, a fin de conjuntar acciones encaminadas a abatir esta problem\u00e1tica y procurar los derechos de la ni\u00f1ez.<\/p>\n<p class=\"p1\">En esta sesi\u00f3n realizada en el auditorio del DIF Santa M\u00f3nica, la Procuradora Municipal de Protecci\u00f3n de Ni\u00f1as, Ni\u00f1os y Adolescentes de Tlalnepantla, Vianey M\u00e9ndez Nieto, tom\u00f3 protesta al Presidente y a la Secretaria T\u00e9cnica del Comit\u00e9 Intermunicipal para la Erradicaci\u00f3n del Trabajo Infantil, responsabilidad que recae en Vincent Bryan Mireles, de World Visi\u00f3n M\u00e9xico, as\u00ed como en Adela V\u00e1zquez Mart\u00ednez, respectivamente.<\/p>\n<p class=\"p1\">Al dar la exposici\u00f3n de motivos de esta Ruta, la Procuradora Municipal destac\u00f3 la importancia de articular esfuerzos entre las entidades con potencialidad para identificar casos de trabajo infantil y trabajo adolescente no protegido.<\/p>\n<p class=\"p1\">Record\u00f3 que para el Alcalde Tony Rodr\u00edguez y la Presidenta Honoraria del Sistema Municipal DIF, Mary G\u00f3mez, ha sido prioridad la atenci\u00f3n de este tema, de ah\u00ed que de manera permanente se instrumenten acciones que garanticen el bienestar de los menores.<\/p>\n<p class=\"p1\">\u201cTrabajar coordinadamente en la intermunicipalidad para el cumplimiento de la pol\u00edtica p\u00fablica nacional en materia infantil, muestra el compromiso y consolida el rol de los gobiernos municipales en cuanto a la protecci\u00f3n de los derechos fundamentales de la ni\u00f1ez y adolescencia, visibilizando la importancia de las acciones a nivel municipal\u201d, puntualiz\u00f3.<\/p>\n<p class=\"p1\">En la sesi\u00f3n se presentaron las ponencias \u201cProtocolos en<span class=\"Apple-converted-space\">\u00a0 <\/span>cruceros\u201d, a cargo de Nancy Guti\u00e9rrez Herrera, y \u201cDerechos de ni\u00f1as, ni\u00f1os y adolescentes y las directrices de cuidados alternativos\u201d, impartida por Patricia Secunza Schott, a fin de contar con m\u00e1s herramientas y busca incorporar acciones para la prevenci\u00f3n, identificaci\u00f3n y atenci\u00f3n del trabajo infantil.<\/p>\n<p class=\"p1\">Cabe se\u00f1alar que el Comit\u00e9 Intermunicipal tambi\u00e9n est\u00e1 integrado por las titulares de las Procuradur\u00edas de Tlalnepantla, Vianey M\u00e9ndez Nieto; de Cuautitl\u00e1n Izcalli, Claudia Lara Becerril; y de Nicol\u00e1s Romero, Grisel Mendoza Vargas.<\/p>\n","protected":false},"excerpt":{"rendered":"<div class=\"mh-excerpt\"><p>* La Procuradora de Protecci\u00f3n de Ni\u00f1as, Ni\u00f1os y Adolescentes de Tlalnepantla, Vianey M\u00e9ndez Nieto, <a class=\"mh-excerpt-more\" href=\"https:\/\/foro1025.mx\/?p=30974\" title=\"DIF Tlalnepantla anfitri\u00f3n del inicio de los trabajos intermunicipales para erradicar el trabajo infantil\">&#8230;<\/a><\/p>\n<\/div>","protected":false},"author":1,"featured_media":30975,"comment_status":"closed","ping_status":"closed","sticky":false,"template":"","format":"standard","meta":{"footnotes":""},"categories":[13],"tags":[],"class_list":{"0":"post-30974","1":"post","2":"type-post","3":"status-publish","4":"format-standard","5":"has-post-thumbnail","7":"category-estado-de-mexico"},"_links":{"self":[{"href":"https:\/\/foro1025.mx\/index.php?rest_route=\/wp\/v2\/posts\/30974","targetHints":{"allow":["GET"]}}],"collection":[{"href":"https:\/\/foro1025.mx\/index.php?rest_route=\/wp\/v2\/posts"}],"about":[{"href":"https:\/\/foro1025.mx\/index.php?rest_route=\/wp\/v2\/types\/post"}],"author":[{"embeddable":true,"href":"https:\/\/foro1025.mx\/index.php?rest_route=\/wp\/v2\/users\/1"}],"replies":[{"embeddable":true,"href":"https:\/\/foro1025.mx\/index.php?rest_route=%2Fwp%2Fv2%2Fcomments&post=30974"}],"version-history":[{"count":1,"href":"https:\/\/foro1025.mx\/index.php?rest_route=\/wp\/v2\/posts\/30974\/revisions"}],"predecessor-version":[{"id":30976,"href":"https:\/\/foro1025.mx\/index.php?rest_route=\/wp\/v2\/posts\/30974\/revisions\/30976"}],"wp:featuredmedia":[{"embeddable":true,"href":"https:\/\/foro1025.mx\/index.php?rest_route=\/wp\/v2\/media\/30975"}],"wp:attachment":[{"href":"https:\/\/foro1025.mx\/index.php?rest_route=%2Fwp%2Fv2%2Fmedia&parent=30974"}],"wp:term":[{"taxonomy":"category","embeddable":true,"href":"https:\/\/foro1025.mx\/index.php?rest_route=%2Fwp%2Fv2%2Fcategories&post=30974"},{"taxonomy":"post_tag","embeddable":true,"href":"https:\/\/foro1025.mx\/index.php?rest_route=%2Fwp%2Fv2%2Ftags&post=30974"}],"curies":[{"name":"wp","href":"https:\/\/api.w.org\/{rel}","templated":true}]}}