{"id":31624,"date":"2024-09-08T15:04:36","date_gmt":"2024-09-08T21:04:36","guid":{"rendered":"https:\/\/foro1025.mx\/?p=31624"},"modified":"2024-09-17T15:08:15","modified_gmt":"2024-09-17T21:08:15","slug":"pide-oscar-gonzalez-transformar-realidad-de-mexiquenses","status":"publish","type":"post","link":"https:\/\/foro1025.mx\/?p=31624","title":{"rendered":"Pide \u00d3scar Gonz\u00e1lez transformar realidad de mexiquenses"},"content":{"rendered":"<p class=\"p2\">El diputado \u00d3scar Gonz\u00e1lez Y\u00e1\u00f1ez, coordinador del grupo parlamentario del PT, llam\u00f3 a la gobernadora Defina G\u00f3mez \u00c1lvarez para seguir sumando esfuerzos junto con las bancadas de morena y del PVEM para terminar con las injusticias y problem\u00e1ticas en la entidad, especialmente para que las mujeres tengan una vida libre de violencia.<\/p>\n<p class=\"p2\">Durante sesi\u00f3n de apertura del primer periodo ordinario de la LXII Legislatura mexiquense, el legislador recalc\u00f3 que tanto el pa\u00eds como el estado contar\u00e1n con dos mujeres al frente de las decisiones gubernamentales, lo cual se sumar\u00e1 a la Legislatura mexiquense paritaria para transformar y mejorar la realidad de las mujeres.<\/p>\n<p class=\"p2\">Tras reconocer el legado que dejar\u00e1 el presidente Andr\u00e9s Manuel L\u00f3pez Obrador, el diputado resalt\u00f3 que la entidad se encuentra en un momento hist\u00f3rico, lo cual obliga a las y los congresistas a desempe\u00f1arse mejor para responder a las demandas de la poblaci\u00f3n mexiquense.<\/p>\n<p class=\"p2\">Sobre la agenda legislativa que tendr\u00e1 el PT, detall\u00f3 que buscar\u00e1n resolver los altos costos de las carreteras; rescatar al Instituto de Seguridad Social del Estado de M\u00e9xico y Municipios (Issemym); la distribuci\u00f3n y acumulaci\u00f3n del agua; el combate a la inseguridad y la corrupci\u00f3n; y mayores oportunidades para las juventudes.<\/p>\n<p class=\"p2\">El legislador reconoci\u00f3 que la entidad est\u00e1 llena de contradicciones, por lo que invit\u00f3 a las y los diputados a asumir el compromiso de casi 18 millones de habitantes, pues destac\u00f3 que se debe privilegiar el bien de la poblaci\u00f3n por encima de intereses partidistas.<\/p>\n","protected":false},"excerpt":{"rendered":"<div class=\"mh-excerpt\"><p>El diputado \u00d3scar Gonz\u00e1lez Y\u00e1\u00f1ez, coordinador del grupo parlamentario del PT, llam\u00f3 a la gobernadora <a class=\"mh-excerpt-more\" href=\"https:\/\/foro1025.mx\/?p=31624\" title=\"Pide \u00d3scar Gonz\u00e1lez transformar realidad de mexiquenses\">&#8230;<\/a><\/p>\n<\/div>","protected":false},"author":1,"featured_media":31625,"comment_status":"closed","ping_status":"closed","sticky":false,"template":"","format":"standard","meta":{"footnotes":""},"categories":[22],"tags":[],"class_list":{"0":"post-31624","1":"post","2":"type-post","3":"status-publish","4":"format-standard","5":"has-post-thumbnail","7":"category-diputados"},"_links":{"self":[{"href":"https:\/\/foro1025.mx\/index.php?rest_route=\/wp\/v2\/posts\/31624","targetHints":{"allow":["GET"]}}],"collection":[{"href":"https:\/\/foro1025.mx\/index.php?rest_route=\/wp\/v2\/posts"}],"about":[{"href":"https:\/\/foro1025.mx\/index.php?rest_route=\/wp\/v2\/types\/post"}],"author":[{"embeddable":true,"href":"https:\/\/foro1025.mx\/index.php?rest_route=\/wp\/v2\/users\/1"}],"replies":[{"embeddable":true,"href":"https:\/\/foro1025.mx\/index.php?rest_route=%2Fwp%2Fv2%2Fcomments&post=31624"}],"version-history":[{"count":1,"href":"https:\/\/foro1025.mx\/index.php?rest_route=\/wp\/v2\/posts\/31624\/revisions"}],"predecessor-version":[{"id":31626,"href":"https:\/\/foro1025.mx\/index.php?rest_route=\/wp\/v2\/posts\/31624\/revisions\/31626"}],"wp:featuredmedia":[{"embeddable":true,"href":"https:\/\/foro1025.mx\/index.php?rest_route=\/wp\/v2\/media\/31625"}],"wp:attachment":[{"href":"https:\/\/foro1025.mx\/index.php?rest_route=%2Fwp%2Fv2%2Fmedia&parent=31624"}],"wp:term":[{"taxonomy":"category","embeddable":true,"href":"https:\/\/foro1025.mx\/index.php?rest_route=%2Fwp%2Fv2%2Fcategories&post=31624"},{"taxonomy":"post_tag","embeddable":true,"href":"https:\/\/foro1025.mx\/index.php?rest_route=%2Fwp%2Fv2%2Ftags&post=31624"}],"curies":[{"name":"wp","href":"https:\/\/api.w.org\/{rel}","templated":true}]}}