{"id":3166,"date":"2018-07-12T22:55:15","date_gmt":"2018-07-13T03:55:15","guid":{"rendered":"https:\/\/foro1025.mx\/?p=3166"},"modified":"2018-07-12T22:55:15","modified_gmt":"2018-07-13T03:55:15","slug":"aprueba-cabildo-de-naucalpan-a-nuevos-funcionarios","status":"publish","type":"post","link":"https:\/\/foro1025.mx\/?p=3166","title":{"rendered":"Aprueba Cabildo de Naucalpan a nuevos funcionarios"},"content":{"rendered":"<p class=\"p3\"><strong>Naucalpan de Ju\u00e1rez, Estado de M\u00e9xico.-<\/strong> El Cabildo de Naucalpan aprob\u00f3 los nombramientos de Alejandro Olvera Entzana como Secretario de Innovaci\u00f3n Gubernamental, as\u00ed como el de Luis Adri\u00e1n Ch\u00e1vez Toledo como Director General de Administraci\u00f3n.<\/p>\n<p class=\"p1\">Alejandro Olvera Entzana, cuenta con 15 a\u00f1os de experiencia en el servicio p\u00fablico, desempe\u00f1\u00e1ndose en su \u00faltimo cargo como Diputado Local, siendo Presidente de la Comisi\u00f3n Legislativa de Apoyo y Atenci\u00f3n al Migrante.<\/p>\n<p class=\"p1\">Luis Adri\u00e1n Ch\u00e1vez Toledo, es maestro en Administraci\u00f3n P\u00fablica y Pol\u00edticas P\u00fablicas, por el Instituto Tecnol\u00f3gico y de Estudios Superiores de Monterrey;<span class=\"Apple-converted-space\">\u00a0 <\/span>fue Subdirector de Recursos Materiales de septiembre de 2016 a marzo de 2018 en la administraci\u00f3n municipal de Naucalpan.<\/p>\n<p class=\"p1\">Ambos funcionarios dar\u00e1n continuidad al trabajo que ven\u00eda realizando Francisco Javier Enr\u00edquez Rinc\u00f3n, ahora ex Secretario de Innovaci\u00f3n Gubernamental y Martha Elena Alcal\u00e1 Rivera, ex Directora General de Administraci\u00f3n.<\/p>\n<p><img loading=\"lazy\" decoding=\"async\" class=\"aligncenter size-large wp-image-3167\" src=\"https:\/\/foro1025.mx\/wp-content\/uploads\/2018\/07\/Foto-1-1-1024x682.jpg\" alt=\"\" width=\"1024\" height=\"682\" \/><\/p>\n","protected":false},"excerpt":{"rendered":"<div class=\"mh-excerpt\"><p>Naucalpan de Ju\u00e1rez, Estado de M\u00e9xico.- El Cabildo de Naucalpan aprob\u00f3 los nombramientos de Alejandro <a class=\"mh-excerpt-more\" href=\"https:\/\/foro1025.mx\/?p=3166\" title=\"Aprueba Cabildo de Naucalpan a nuevos funcionarios\">&#8230;<\/a><\/p>\n<\/div>","protected":false},"author":1,"featured_media":0,"comment_status":"open","ping_status":"open","sticky":false,"template":"","format":"standard","meta":{"footnotes":""},"categories":[8],"tags":[],"class_list":{"0":"post-3166","1":"post","2":"type-post","3":"status-publish","4":"format-standard","6":"category-naucalpan"},"_links":{"self":[{"href":"https:\/\/foro1025.mx\/index.php?rest_route=\/wp\/v2\/posts\/3166","targetHints":{"allow":["GET"]}}],"collection":[{"href":"https:\/\/foro1025.mx\/index.php?rest_route=\/wp\/v2\/posts"}],"about":[{"href":"https:\/\/foro1025.mx\/index.php?rest_route=\/wp\/v2\/types\/post"}],"author":[{"embeddable":true,"href":"https:\/\/foro1025.mx\/index.php?rest_route=\/wp\/v2\/users\/1"}],"replies":[{"embeddable":true,"href":"https:\/\/foro1025.mx\/index.php?rest_route=%2Fwp%2Fv2%2Fcomments&post=3166"}],"version-history":[{"count":1,"href":"https:\/\/foro1025.mx\/index.php?rest_route=\/wp\/v2\/posts\/3166\/revisions"}],"predecessor-version":[{"id":3169,"href":"https:\/\/foro1025.mx\/index.php?rest_route=\/wp\/v2\/posts\/3166\/revisions\/3169"}],"wp:attachment":[{"href":"https:\/\/foro1025.mx\/index.php?rest_route=%2Fwp%2Fv2%2Fmedia&parent=3166"}],"wp:term":[{"taxonomy":"category","embeddable":true,"href":"https:\/\/foro1025.mx\/index.php?rest_route=%2Fwp%2Fv2%2Fcategories&post=3166"},{"taxonomy":"post_tag","embeddable":true,"href":"https:\/\/foro1025.mx\/index.php?rest_route=%2Fwp%2Fv2%2Ftags&post=3166"}],"curies":[{"name":"wp","href":"https:\/\/api.w.org\/{rel}","templated":true}]}}