{"id":31691,"date":"2024-09-14T13:50:43","date_gmt":"2024-09-14T19:50:43","guid":{"rendered":"https:\/\/foro1025.mx\/?p=31691"},"modified":"2024-09-19T13:52:04","modified_gmt":"2024-09-19T19:52:04","slug":"atiende-gppan-edomex-a-trabajadores-inconformes-del-poder-judicial","status":"publish","type":"post","link":"https:\/\/foro1025.mx\/?p=31691","title":{"rendered":"Atiende GPPAN Edom\u00e9x a trabajadores inconformes del poder judicial"},"content":{"rendered":"<p class=\"p2\">Las y los legisladores del Partido Acci\u00f3n Nacional, atendieron a trabajadores inconformes del poder judicial que se manifestaron en las inmediaciones del poder legislativo, ante la \u00a0aprobaci\u00f3n de la reforma del Poder Judicial por el congreso del Estado de M\u00e9xico.<\/p>\n<p class=\"p2\">El coordinador parlamentario de Acci\u00f3n Nacional, Pablo Fern\u00e1ndez de Cevallos Gonz\u00e1lez, les asegur\u00f3 que la aprobaci\u00f3n de la reforma judicial ha sido la peor afrenta a la democracia y al sistema jur\u00eddico mexicano desde la instauraci\u00f3n de la Rep\u00fablica.<\/p>\n<p class=\"p2\">\u00abNosotros estamos convencidos de que el juicio de amparo es la garant\u00eda de garant\u00edas y en esta ocasi\u00f3n la Legislatura, por la mayor\u00eda abrumadora del sistema est\u00e1 violando los derechos de los quejosos y de todos los mexicanos\u00bb, se\u00f1al\u00f3 el coordinador parlamentario.<\/p>\n<p class=\"p2\">Ante trabajadores del poder Judicial, Fern\u00e1ndez de Cevallos precis\u00f3 que el albiazul solicit\u00f3 retirar el punto de la orden del d\u00eda, dado que existe una suspensi\u00f3n provisional, notificada debidamente a la Legislatura, lo que fue rechazado por mayor\u00eda de diputados de Morena y aliados.<\/p>\n<p class=\"p3\">Despu\u00e9s, al fijar el posicionamiento del Grupo Parlamentario de Acci\u00f3n Nacional, sobre la aprobaci\u00f3n de la reforma judicial, el coordinador parlamentario Pablo Fernandez de Cevallos Gonz\u00e1lez, expres\u00f3 su \u00a0rechazo por ser un golpe al estado de derecho, a la autonom\u00eda de los poderes y a la democracia en M\u00e9xico.<\/p>\n<p class=\"p3\">La elecci\u00f3n popular de las y los jueces, dijo, va en sentido contrario a las pr\u00e1cticas internacionales y de las democracias m\u00e1s consolidadas, porque \u00e9stos, no deben estar sujetos a la elecci\u00f3n popular, ya que el electorado muchas veces est\u00e1 sujeto a ser v\u00edctimas de presiones de intereses de los grupos que los llevan a ese poder, y tampoco plantea una soluci\u00f3n para garantizar la neutralidad en la elecci\u00f3n.<\/p>\n<p class=\"p3\">En su intervenci\u00f3n, Pablo Fernandez de Cevallos, lament\u00f3 que esta reforma solo busca concentrar mayor poder en manos del Ejecutivo al eliminar los contrapesos que garantizan la independencia del Poder Judicial, que pone en riesgo la estabilidad del sistema jur\u00eddico mexicano, afectando la certeza para los inversionistas y para la ciudadan\u00eda. \u201cNo podemos permitir que esto suceda, debemos defender los derechos de las y los mexicanos, la democracia y el estado de derecho en M\u00e9xico\u201d, destac\u00f3.<\/p>\n<p class=\"p3\">\n<p class=\"p2\">El coordinador parlamentario, reconoci\u00f3 que la falta de acceso a la justicia es un problema grave en M\u00e9xico, pero esta reforma, no plantea ni una soluci\u00f3n , ni f\u00f3rmula destinada a fortalecer la carrera judicial, adem\u00e1s de que tiene profundas carencias al no incluir nuevos requisitos para ocupar alg\u00fan cargo de Poderes Judicial Federal y Local, as\u00ed como proponer mecanismos para evitar nepotismo y conflictos de inter\u00e9s, e incrementar las sanciones en actos de corrupci\u00f3n.<\/p>\n<p class=\"p2\">Las y los legisladores de Acci\u00f3n Nacional, emitieron su voto en contra de la reforma al poder judicial turnado por la C\u00e1mara de Senadores.<\/p>\n","protected":false},"excerpt":{"rendered":"<div class=\"mh-excerpt\"><p>Las y los legisladores del Partido Acci\u00f3n Nacional, atendieron a trabajadores inconformes del poder judicial <a class=\"mh-excerpt-more\" href=\"https:\/\/foro1025.mx\/?p=31691\" title=\"Atiende GPPAN Edom\u00e9x a trabajadores inconformes del poder judicial\">&#8230;<\/a><\/p>\n<\/div>","protected":false},"author":1,"featured_media":31692,"comment_status":"closed","ping_status":"closed","sticky":false,"template":"","format":"standard","meta":{"footnotes":""},"categories":[22],"tags":[],"class_list":{"0":"post-31691","1":"post","2":"type-post","3":"status-publish","4":"format-standard","5":"has-post-thumbnail","7":"category-diputados"},"_links":{"self":[{"href":"https:\/\/foro1025.mx\/index.php?rest_route=\/wp\/v2\/posts\/31691","targetHints":{"allow":["GET"]}}],"collection":[{"href":"https:\/\/foro1025.mx\/index.php?rest_route=\/wp\/v2\/posts"}],"about":[{"href":"https:\/\/foro1025.mx\/index.php?rest_route=\/wp\/v2\/types\/post"}],"author":[{"embeddable":true,"href":"https:\/\/foro1025.mx\/index.php?rest_route=\/wp\/v2\/users\/1"}],"replies":[{"embeddable":true,"href":"https:\/\/foro1025.mx\/index.php?rest_route=%2Fwp%2Fv2%2Fcomments&post=31691"}],"version-history":[{"count":1,"href":"https:\/\/foro1025.mx\/index.php?rest_route=\/wp\/v2\/posts\/31691\/revisions"}],"predecessor-version":[{"id":31693,"href":"https:\/\/foro1025.mx\/index.php?rest_route=\/wp\/v2\/posts\/31691\/revisions\/31693"}],"wp:featuredmedia":[{"embeddable":true,"href":"https:\/\/foro1025.mx\/index.php?rest_route=\/wp\/v2\/media\/31692"}],"wp:attachment":[{"href":"https:\/\/foro1025.mx\/index.php?rest_route=%2Fwp%2Fv2%2Fmedia&parent=31691"}],"wp:term":[{"taxonomy":"category","embeddable":true,"href":"https:\/\/foro1025.mx\/index.php?rest_route=%2Fwp%2Fv2%2Fcategories&post=31691"},{"taxonomy":"post_tag","embeddable":true,"href":"https:\/\/foro1025.mx\/index.php?rest_route=%2Fwp%2Fv2%2Ftags&post=31691"}],"curies":[{"name":"wp","href":"https:\/\/api.w.org\/{rel}","templated":true}]}}