{"id":3170,"date":"2018-07-12T23:39:59","date_gmt":"2018-07-13T04:39:59","guid":{"rendered":"https:\/\/foro1025.mx\/?p=3170"},"modified":"2018-07-12T23:39:59","modified_gmt":"2018-07-13T04:39:59","slug":"festeja-adan-barron-el-cxcviii-aniversario-de-la-ereccion-de-tultitlan","status":"publish","type":"post","link":"https:\/\/foro1025.mx\/?p=3170","title":{"rendered":"Festeja Ad\u00e1n Barr\u00f3n el CXCVIII aniversario de la Erecci\u00f3n de Tultitl\u00e1n"},"content":{"rendered":"<ul>\n<li class=\"p3\"><i>En la ceremonia se realiz\u00f3 la premiaci\u00f3n de la \u201cPresea Tultitlense 2018\u201d, la cual reconoce el trabajo de ciudadanas y ciudadanos destacados del municipio.<\/i><\/li>\n<\/ul>\n<p class=\"p6\"><b>Tultitl\u00e1n<span class=\"Apple-converted-space\">\u00a0 <\/span>de Mariano Escobedo, Estado de M\u00e9xico.-<\/b> Al celebrar el 198 aniversario de la erecci\u00f3n de Tultitl\u00e1n, el Presidente Municipal, Ad\u00e1n Barr\u00f3n Elizalde, asegur\u00f3 que la \u00fanica forma de seguir creciendo como municipio y crear una gran historia es trabajar en equipo y buscar coincidencias.<\/p>\n<p class=\"p6\">\u201cTodos los d\u00edas la b\u00fasqueda de un mejor municipio debe realizarse a trav\u00e9s del respeto, la constancia y disciplina, esta \u00faltima como motor de cambio, y as\u00ed poder presumir las grandes acciones y comprometernos m\u00e1s a los pendientes que a\u00fan existe\u201d, dijo el alcalde a los asistentes en el Deportivo Toltitlan<\/p>\n<p class=\"p6\">En el acto el alcalde, que estuvo acompa\u00f1ado por los integrantes del Cabildo y directores, sostuvo que los avances de la actual administraci\u00f3n se han generado con el apoyo de los tultitlenses.<\/p>\n<p class=\"p6\">\u201cY hoy tambi\u00e9n vamos a galardonar a todos los sectores que confluyen en la vida cotidiana del municipio\u201d, agreg\u00f3 al presentar la \u201cPresea Tultitl\u00e1n 2018\u201d, la cual distingue a la ciudadan\u00eda<span class=\"Apple-converted-space\">\u00a0 <\/span>que ha destacado en \u00e1reas sociales, culturales y deportivas.<\/p>\n<p class=\"p6\">En representaci\u00f3n del Gobernado Alfredo del Mazo Maza, El Secretario de Movilidad el Maestro Raymundo Edgar Mart\u00ednez Carbajal<span class=\"Apple-converted-space\">\u00a0 <\/span>se\u00f1alo, \u201cLa felicitaci\u00f3n es para ustedes que hicieron posible que este municipio sea uno de los m\u00e1s avanzados de la zona, que aportan un granito de arena por el bien com\u00fan.\u201d<\/p>\n<p class=\"p6\">La elecci\u00f3n de los ganadores de la \u201cPresea Tultitlense 2018\u201d fue hecha a trav\u00e9s de un jurado conformado por el Alcalde, la comisi\u00f3n de Turismo y Cultura, la Secretar\u00eda T\u00e9cnica, Secretar\u00eda del Ayuntamiento y la Direcci\u00f3n de Turismo y cultura, y estos fueron los galardonados.<\/p>\n<p class=\"p8\"><b>GANADORES \u201cPRESEA TULTITLENSE 2018\u201d<\/b><\/p>\n<ul class=\"ul1\">\n<li class=\"li3\"><b>Ciencias \u201c Mario Escobedo de la Pe\u00f1a\u201d<\/b><\/li>\n<\/ul>\n<p class=\"p3\">M.ENC. Humico Yahira Hern\u00e1ndez Acosta<\/p>\n<ul class=\"ul1\">\n<li class=\"li3\"><b>Cultura e identidad \u201c Heriberto Aranda Perea\u201d<\/b><\/li>\n<\/ul>\n<p class=\"p3\">C. Martha Garc\u00eda Gonz\u00e1lez<\/p>\n<ul class=\"ul1\">\n<li class=\"li6\"><b>Pedagog\u00eda y docencia \u201c Filiberto G\u00f3mez D\u00edaz\u201d<\/b><\/li>\n<\/ul>\n<p class=\"p6\">LIC. H\u00e9ctor Torres S\u00e1nchez<\/p>\n<ul class=\"ul1\">\n<li class=\"li6\"><b>Deportes \u201c Alberto Acosta Palma\u201d<\/b><\/li>\n<\/ul>\n<p class=\"p6\">C. Cathrine Maryan Oliver Lara<\/p>\n<ul class=\"ul1\">\n<li class=\"li6\"><b>Juventud \u201cLuis de Velazco\u201d<\/b><\/li>\n<\/ul>\n<p class=\"p6\">LIC. Alberto Cesar Molina<\/p>\n<ul class=\"ul1\">\n<li class=\"li6\"><b>Administraci\u00f3n p\u00fablica \u201dJos\u00e9 Mar\u00eda Salazar\u201d<\/b><\/li>\n<\/ul>\n<p class=\"p6\">Guadalupe G\u00f3mez Estrada<\/p>\n<ul class=\"ul1\">\n<li class=\"li6\"><b>Preservaci\u00f3n del ambiente \u201cOtontepec\u201d<\/b><\/li>\n<\/ul>\n<p class=\"p6\">PROFR. Osvaldo Cortes P\u00e9rez<\/p>\n<ul class=\"ul1\">\n<li class=\"li6\"><b>Desarrollo industrial<span class=\"Apple-converted-space\">\u00a0 <\/span>\u201c Ra\u00fal G\u00f3zales\u201d<\/b><\/li>\n<\/ul>\n<p class=\"p6\">PLESA ANAHUAC Y CIA.S.A. DE C.V<\/p>\n<ul class=\"ul1\">\n<li class=\"li6\"><b>Asociaci\u00f3n civil \u201cToltitlan\u201d<\/b><\/li>\n<li class=\"li6\"><b>Salud y bienestar social \u201cJuan Fern\u00e1ndez Albarr\u00e1n \u201c<\/b><\/li>\n<\/ul>\n<p class=\"p6\">Doc. Guillermo Acosta Polanco<\/p>\n","protected":false},"excerpt":{"rendered":"<div class=\"mh-excerpt\"><p>En la ceremonia se realiz\u00f3 la premiaci\u00f3n de la \u201cPresea Tultitlense 2018\u201d, la cual reconoce <a class=\"mh-excerpt-more\" href=\"https:\/\/foro1025.mx\/?p=3170\" title=\"Festeja Ad\u00e1n Barr\u00f3n el CXCVIII aniversario de la Erecci\u00f3n de Tultitl\u00e1n\">&#8230;<\/a><\/p>\n<\/div>","protected":false},"author":1,"featured_media":0,"comment_status":"open","ping_status":"open","sticky":false,"template":"","format":"standard","meta":{"footnotes":""},"categories":[10],"tags":[],"class_list":{"0":"post-3170","1":"post","2":"type-post","3":"status-publish","4":"format-standard","6":"category-tultitlan"},"_links":{"self":[{"href":"https:\/\/foro1025.mx\/index.php?rest_route=\/wp\/v2\/posts\/3170","targetHints":{"allow":["GET"]}}],"collection":[{"href":"https:\/\/foro1025.mx\/index.php?rest_route=\/wp\/v2\/posts"}],"about":[{"href":"https:\/\/foro1025.mx\/index.php?rest_route=\/wp\/v2\/types\/post"}],"author":[{"embeddable":true,"href":"https:\/\/foro1025.mx\/index.php?rest_route=\/wp\/v2\/users\/1"}],"replies":[{"embeddable":true,"href":"https:\/\/foro1025.mx\/index.php?rest_route=%2Fwp%2Fv2%2Fcomments&post=3170"}],"version-history":[{"count":1,"href":"https:\/\/foro1025.mx\/index.php?rest_route=\/wp\/v2\/posts\/3170\/revisions"}],"predecessor-version":[{"id":3172,"href":"https:\/\/foro1025.mx\/index.php?rest_route=\/wp\/v2\/posts\/3170\/revisions\/3172"}],"wp:attachment":[{"href":"https:\/\/foro1025.mx\/index.php?rest_route=%2Fwp%2Fv2%2Fmedia&parent=3170"}],"wp:term":[{"taxonomy":"category","embeddable":true,"href":"https:\/\/foro1025.mx\/index.php?rest_route=%2Fwp%2Fv2%2Fcategories&post=3170"},{"taxonomy":"post_tag","embeddable":true,"href":"https:\/\/foro1025.mx\/index.php?rest_route=%2Fwp%2Fv2%2Ftags&post=3170"}],"curies":[{"name":"wp","href":"https:\/\/api.w.org\/{rel}","templated":true}]}}