{"id":3173,"date":"2018-07-12T23:48:07","date_gmt":"2018-07-13T04:48:07","guid":{"rendered":"https:\/\/foro1025.mx\/?p=3173"},"modified":"2018-07-12T23:48:07","modified_gmt":"2018-07-13T04:48:07","slug":"muestra-elisa-carrillo-lo-mejor-de-la-danza-a-nivel-mundial-en-la-gala-de-estrellas-elisa-amigos-2018","status":"publish","type":"post","link":"https:\/\/foro1025.mx\/?p=3173","title":{"rendered":"Muestra Elisa Carrillo lo mejor de la danza a nivel mundial en la gala de estrellas \u00abElisa &#038; Amigos 2018\u00bb"},"content":{"rendered":"<p class=\"p5\"><i>\u2022 Acompa\u00f1an a la mexiquense 18 bailarines de importantes compa\u00f1\u00edas a nivel mundial.<\/i><\/p>\n<p class=\"p5\"><i>\u2022 Disfrutan m\u00e1s de mil personas del evento en el recinto texcocano.<\/i><\/p>\n<p class=\"p5\"><b>Texcoco, Estado de M\u00e9xico.-\u00a0<\/b>La Gala de Estrellas \u201cElisa &amp; Amigos 2018\u201d se present\u00f3 en el Centro Cultural Mexiquense Bicentenario (CCMB), donde bailarines y bailarinas encabezados por la Primera bailarina del<span class=\"Apple-converted-space\">\u00a0 <\/span>Staatsballett Berlin, Elisa Carrillo, mostraron su pasi\u00f3n<span class=\"Apple-converted-space\">\u00a0 <\/span>por la danza a los mexiquenses.<\/p>\n<p class=\"p5\">La Sala de Conciertos \u201cElisa Carrillo\u201d se engalan\u00f3 con la participaci\u00f3n de 18 bailarines pertenecientes a las compa\u00f1\u00edas Mariinsky Ballet, Mikhailovsky Ballet, American Ballet Theater, Het National Ballet, Staatsballett Berlin y Wiener Staatsoper.<\/p>\n<p>&nbsp;<\/p>\n<p><img loading=\"lazy\" decoding=\"async\" class=\"aligncenter size-large wp-image-3176\" src=\"https:\/\/foro1025.mx\/wp-content\/uploads\/2018\/07\/GALA-ELISA-CARRILLO-Y-AMIGOS-2018-8-1024x683.jpg\" alt=\"\" width=\"1024\" height=\"683\" \/><\/p>\n<p>&nbsp;<\/p>\n<p class=\"p5\">En el programa se presentaron las 11 piezas Gran Pas Classique, V\u00e9rtigo, Satanella, Les Bourgeois, Replay, Romeo y Julieta, Paganini, Cisne Negro, La creaci\u00f3n y Don Quijote.<\/p>\n<p class=\"p5\">Adem\u00e1s del estreno en Am\u00e9rica de White Darkness, con la coreograf\u00eda de Nacho Duato, y estelarizada por los primeros bailarines y solistas<span class=\"Apple-converted-space\">\u00a0 <\/span>del Staasballett Berlin, con una tem\u00e1tica dram\u00e1tica y expresiones intensas que giran alrededor de las drogas y el entorno que le rodea, buscando la reflexi\u00f3n del espectador, hasta<span class=\"Apple-converted-space\">\u00a0 <\/span>encontrar un final impactante protagonizado por Elisa Carrillo.<\/p>\n<p class=\"p5\">Aunado a ello, inici\u00f3 en el CCMB el Festival Internacional de la Danza \u201cDanzatl\u00e1n 2018\u201d con la presencia de las compa\u00f1\u00edas del Centro de Producci\u00f3n de Danza Contempor\u00e1nea (CEPRODAC) y Mexico City Ballet, Les Ballets Jazz de Montreal, que se presentar\u00e1 el 13 de julio, y para la clausura del festival, el 15 de julio, el Ballet Folkl\u00f3rico de M\u00e9xico de Amalia Hern\u00e1ndez y Sao Paulo Companhia de Danza, a las 11:00 y 17:00 horas, respectivamente.<\/p>\n<p>&nbsp;<\/p>\n<p><img loading=\"lazy\" decoding=\"async\" class=\"aligncenter size-large wp-image-3174\" src=\"https:\/\/foro1025.mx\/wp-content\/uploads\/2018\/07\/GALA-ELISA-CARRILLO-Y-AMIGOS-2018-24-1024x683.jpg\" alt=\"\" width=\"1024\" height=\"683\" \/><\/p>\n<p>&nbsp;<\/p>\n<p class=\"p5\">Durante \u201cDanzatl\u00e1n 2018\u201d, los asistentes podr\u00e1n admirar 20 gr\u00e1ficas realizadas por el mexicano Carlos Quezada, fot\u00f3grafo oficial del Stuttgart Ballet y de la Fundaci\u00f3n Elisa Carrillo Cabrera AC, donde se observa a la primera bailarina, en distintas facetas de su carrera y en algunas de las coreograf\u00edas m\u00e1s impactantes en las que ha participado.<\/p>\n<p class=\"p5\">El Centro Cultural Mexiquense Bicentenario (CCMB) est\u00e1 ubicado en la Carretera Federal Los Reyes-Texcoco Km 14.3, esquina General Manuel Gonz\u00e1lez, San Miguel Coatlinch\u00e1n, Texcoco, Estado de M\u00e9xico.<\/p>\n<p class=\"p8\">\n","protected":false},"excerpt":{"rendered":"<div class=\"mh-excerpt\"><p>\u2022 Acompa\u00f1an a la mexiquense 18 bailarines de importantes compa\u00f1\u00edas a nivel mundial. \u2022 Disfrutan <a class=\"mh-excerpt-more\" href=\"https:\/\/foro1025.mx\/?p=3173\" title=\"Muestra Elisa Carrillo lo mejor de la danza a nivel mundial en la gala de estrellas \u00abElisa &#038; Amigos 2018\u00bb\">&#8230;<\/a><\/p>\n<\/div>","protected":false},"author":1,"featured_media":0,"comment_status":"open","ping_status":"open","sticky":false,"template":"","format":"standard","meta":{"footnotes":""},"categories":[20,26,13],"tags":[],"class_list":{"0":"post-3173","1":"post","2":"type-post","3":"status-publish","4":"format-standard","6":"category-cultura","7":"category-espectaculos","8":"category-estado-de-mexico"},"_links":{"self":[{"href":"https:\/\/foro1025.mx\/index.php?rest_route=\/wp\/v2\/posts\/3173","targetHints":{"allow":["GET"]}}],"collection":[{"href":"https:\/\/foro1025.mx\/index.php?rest_route=\/wp\/v2\/posts"}],"about":[{"href":"https:\/\/foro1025.mx\/index.php?rest_route=\/wp\/v2\/types\/post"}],"author":[{"embeddable":true,"href":"https:\/\/foro1025.mx\/index.php?rest_route=\/wp\/v2\/users\/1"}],"replies":[{"embeddable":true,"href":"https:\/\/foro1025.mx\/index.php?rest_route=%2Fwp%2Fv2%2Fcomments&post=3173"}],"version-history":[{"count":1,"href":"https:\/\/foro1025.mx\/index.php?rest_route=\/wp\/v2\/posts\/3173\/revisions"}],"predecessor-version":[{"id":3177,"href":"https:\/\/foro1025.mx\/index.php?rest_route=\/wp\/v2\/posts\/3173\/revisions\/3177"}],"wp:attachment":[{"href":"https:\/\/foro1025.mx\/index.php?rest_route=%2Fwp%2Fv2%2Fmedia&parent=3173"}],"wp:term":[{"taxonomy":"category","embeddable":true,"href":"https:\/\/foro1025.mx\/index.php?rest_route=%2Fwp%2Fv2%2Fcategories&post=3173"},{"taxonomy":"post_tag","embeddable":true,"href":"https:\/\/foro1025.mx\/index.php?rest_route=%2Fwp%2Fv2%2Ftags&post=3173"}],"curies":[{"name":"wp","href":"https:\/\/api.w.org\/{rel}","templated":true}]}}