{"id":318,"date":"2016-04-07T16:07:20","date_gmt":"2016-04-07T21:07:20","guid":{"rendered":"https:\/\/foro1025.mx\/?p=318"},"modified":"2016-04-07T16:07:20","modified_gmt":"2016-04-07T21:07:20","slug":"se-prepara-huixquilucan-para-temporada-de-estiaje","status":"publish","type":"post","link":"https:\/\/foro1025.mx\/?p=318","title":{"rendered":"Se prepara Huixquilucan para temporada de estiaje."},"content":{"rendered":"<ul>\n<li id=\"yui_3_16_0_ym19_1_1460051220824_26443\" class=\"yiv9705628199MsoNormal\" style=\"text-align: left;\">\n<h5><b id=\"yui_3_16_0_ym19_1_1460051220824_26440\"><span id=\"yui_3_16_0_ym19_1_1460051220824_26439\">Se tendr\u00e1n pipas para atender escasez de agua en las colonias y fraccionamientos de la parte alta de la zona residencial.<\/span><\/b><\/h5>\n<\/li>\n<li class=\"yiv9705628199MsoNormal\" style=\"text-align: left;\">\n<h5><b id=\"yui_3_16_0_ym19_1_1460051220824_26437\"><span id=\"yui_3_16_0_ym19_1_1460051220824_26436\">Durante esta administraci\u00f3n se tiene contemplado crecer en fuentes de abastecimiento propias.<\/span><\/b><\/h5>\n<\/li>\n<\/ul>\n<p class=\"yiv9705628199MsoNormal\" style=\"text-align: left;\" align=\"center\"><span id=\"yui_3_16_0_ym19_1_1460051220824_26452\">Debido al inicio de la temporada de estiaje, V\u00edctor Manuel B\u00e1ez Melo, director del Organismo P\u00fablico Descentralizado Sistema Aguas de Huixquilucan, inform\u00f3 de la implementaci\u00f3n de un plan emergente de apoyo, que permita disminuir posibles afectaciones por la reducci\u00f3n del caudal ante el aumento en el consumo de las personas, en este periodo de calor.<\/span><\/p>\n<p class=\"yiv9705628199MsoNormal\" style=\"text-align: left;\" align=\"center\"><span id=\"yui_3_16_0_ym19_1_1460051220824_26420\">Detall\u00f3, que de manera permanente estar\u00e1n dos o tres pipas en la zona residencial \u2013parte alta-, las cuales suministraran el l\u00edquido desde\u00a0 temprana hora, toda vez que al registrarse una baja en la presi\u00f3n, el caudal del sistema Cutzamala es m\u00e1s d\u00e9bil y afecta la distribuci\u00f3n.<\/span><\/p>\n<p class=\"yiv9705628199MsoNormal\" style=\"text-align: left;\" align=\"center\"><span id=\"yui_3_16_0_ym19_1_1460051220824_26454\">Estas acciones, dijo, se tienen previstas durante abril y los primeros d\u00edas de mayo, ya que posteriormente se espera el inicio de la temporada de lluvias, que favorecer\u00e1n al municipio. \u201cSe tiene un plan de prevenci\u00f3n con apoyo de pipas que puedan disminuir la afectaci\u00f3n a la poblaci\u00f3n\u201d, resalt\u00f3.<\/span><\/p>\n<p class=\"yiv9705628199MsoNormal\" style=\"text-align: left;\" align=\"center\"><span id=\"yui_3_16_0_ym19_1_1460051220824_26425\">B\u00e1ez Melo coment\u00f3, que durante el estiaje, la disminuci\u00f3n del caudal se estima en un 25 por ciento, principalmente en abril, que se suma al incremento de la demanda de la poblaci\u00f3n a causa de calor.<\/span><\/p>\n<p class=\"yiv9705628199MsoNormal\" style=\"text-align: left;\" align=\"center\"><span id=\"yui_3_16_0_ym19_1_1460051220824_26427\">Debido a que el municipio depende en gran medida del sistema Cutzamala, el director del Organismo P\u00fablico Descentralizado Sistema Aguas de Huixquilucan, se\u00f1al\u00f3 que por instrucciones del presidente, Enrique Vargas del Villar, se tiene contemplado crecer en fuentes de abastecimiento propias y con ello brindar a la ciudadan\u00eda un mejor servicio.<\/span><\/p>\n","protected":false},"excerpt":{"rendered":"<div class=\"mh-excerpt\"><p>Se tendr\u00e1n pipas para atender escasez de agua en las colonias y fraccionamientos de la <a class=\"mh-excerpt-more\" href=\"https:\/\/foro1025.mx\/?p=318\" title=\"Se prepara Huixquilucan para temporada de estiaje.\">&#8230;<\/a><\/p>\n<\/div>","protected":false},"author":1,"featured_media":0,"comment_status":"open","ping_status":"open","sticky":false,"template":"","format":"standard","meta":{"footnotes":""},"categories":[17],"tags":[],"class_list":{"0":"post-318","1":"post","2":"type-post","3":"status-publish","4":"format-standard","6":"category-huixquilucan"},"_links":{"self":[{"href":"https:\/\/foro1025.mx\/index.php?rest_route=\/wp\/v2\/posts\/318","targetHints":{"allow":["GET"]}}],"collection":[{"href":"https:\/\/foro1025.mx\/index.php?rest_route=\/wp\/v2\/posts"}],"about":[{"href":"https:\/\/foro1025.mx\/index.php?rest_route=\/wp\/v2\/types\/post"}],"author":[{"embeddable":true,"href":"https:\/\/foro1025.mx\/index.php?rest_route=\/wp\/v2\/users\/1"}],"replies":[{"embeddable":true,"href":"https:\/\/foro1025.mx\/index.php?rest_route=%2Fwp%2Fv2%2Fcomments&post=318"}],"version-history":[{"count":1,"href":"https:\/\/foro1025.mx\/index.php?rest_route=\/wp\/v2\/posts\/318\/revisions"}],"predecessor-version":[{"id":321,"href":"https:\/\/foro1025.mx\/index.php?rest_route=\/wp\/v2\/posts\/318\/revisions\/321"}],"wp:attachment":[{"href":"https:\/\/foro1025.mx\/index.php?rest_route=%2Fwp%2Fv2%2Fmedia&parent=318"}],"wp:term":[{"taxonomy":"category","embeddable":true,"href":"https:\/\/foro1025.mx\/index.php?rest_route=%2Fwp%2Fv2%2Fcategories&post=318"},{"taxonomy":"post_tag","embeddable":true,"href":"https:\/\/foro1025.mx\/index.php?rest_route=%2Fwp%2Fv2%2Ftags&post=318"}],"curies":[{"name":"wp","href":"https:\/\/api.w.org\/{rel}","templated":true}]}}