{"id":31858,"date":"2024-10-07T14:41:45","date_gmt":"2024-10-07T20:41:45","guid":{"rendered":"https:\/\/foro1025.mx\/?p=31858"},"modified":"2024-10-12T14:43:19","modified_gmt":"2024-10-12T20:43:19","slug":"transforman-jornadas-difem-la-vida-de-21-mil-mexiquenses-con-atencion-medica-y-entrega-de-aparatos-funcionales","status":"publish","type":"post","link":"https:\/\/foro1025.mx\/?p=31858","title":{"rendered":"Transforman jornadas DIFEM la vida de 21 mil mexiquenses con atenci\u00f3n m\u00e9dica y entrega de aparatos funcionales"},"content":{"rendered":"<p class=\"p2\">JIQUIPILCO, Estado de M\u00e9xico.- A trav\u00e9s de las Jornadas DIFEM, programa impulsado por la Gobernadora Delfina G\u00f3mez \u00c1lvarez, el Sistema para el Desarrollo Integral de la Familia del Estado de M\u00e9xico ha beneficiado a m\u00e1s de 21 mil personas, en 27 municipios.<\/p>\n<p class=\"p2\">\u00a0Es el caso de Gonzalo Santa Cruz Arzate, persona amputada por diabetes, recibi\u00f3 una silla de ruedas; y Joaqu\u00edn Navarrete Medina, campesino del municipio de Jiquipilco, obtuvo paquetes de semillas de hortalizas.<\/p>\n<p class=\"p2\">Este programa, que inici\u00f3 en febrero de 2024, es una estrategia que permite a Karina Labastida Sotelo, Directora General del organismo, acercar servicios asistenciales como consultas m\u00e9dicas y odontol\u00f3gicas, asesor\u00eda nutricional y jur\u00eddica, talleres y conferencias a los habitantes de las comunidades m\u00e1s alejadas, de forma gratuita, para mejorar la calidad de vida de la poblaci\u00f3n.<\/p>\n<p class=\"p2\">Al realizar esta jornada en los municipios de Jiquipilco y Jocotitl\u00e1n, al norte del estado, autoridades municipales y servidores p\u00fablicos del DIF mexiquense atendieron a familias en estado de vulnerabilidad, ampliando la entrega de programas, servicios y apoyos.<\/p>\n<p class=\"p2\">En el municipio de Jiquipilco, Roc\u00edo P\u00e9rez Andrade, Directora de Prevenci\u00f3n y Bienestar Familiar del DIFEM, agradeci\u00f3 la participaci\u00f3n de los municipios para fortalecer los esfuerzos en la construcci\u00f3n de comunidades m\u00e1s saludables y seguras, con el fin de no dejar a nadie atr\u00e1s ni a nadie afuera.<\/p>\n","protected":false},"excerpt":{"rendered":"<div class=\"mh-excerpt\"><p>JIQUIPILCO, Estado de M\u00e9xico.- A trav\u00e9s de las Jornadas DIFEM, programa impulsado por la Gobernadora <a class=\"mh-excerpt-more\" href=\"https:\/\/foro1025.mx\/?p=31858\" title=\"Transforman jornadas DIFEM la vida de 21 mil mexiquenses con atenci\u00f3n m\u00e9dica y entrega de aparatos funcionales\">&#8230;<\/a><\/p>\n<\/div>","protected":false},"author":1,"featured_media":31859,"comment_status":"closed","ping_status":"closed","sticky":false,"template":"","format":"standard","meta":{"footnotes":""},"categories":[13,25],"tags":[],"class_list":{"0":"post-31858","1":"post","2":"type-post","3":"status-publish","4":"format-standard","5":"has-post-thumbnail","7":"category-estado-de-mexico","8":"category-salud-y-ciencia"},"_links":{"self":[{"href":"https:\/\/foro1025.mx\/index.php?rest_route=\/wp\/v2\/posts\/31858","targetHints":{"allow":["GET"]}}],"collection":[{"href":"https:\/\/foro1025.mx\/index.php?rest_route=\/wp\/v2\/posts"}],"about":[{"href":"https:\/\/foro1025.mx\/index.php?rest_route=\/wp\/v2\/types\/post"}],"author":[{"embeddable":true,"href":"https:\/\/foro1025.mx\/index.php?rest_route=\/wp\/v2\/users\/1"}],"replies":[{"embeddable":true,"href":"https:\/\/foro1025.mx\/index.php?rest_route=%2Fwp%2Fv2%2Fcomments&post=31858"}],"version-history":[{"count":1,"href":"https:\/\/foro1025.mx\/index.php?rest_route=\/wp\/v2\/posts\/31858\/revisions"}],"predecessor-version":[{"id":31860,"href":"https:\/\/foro1025.mx\/index.php?rest_route=\/wp\/v2\/posts\/31858\/revisions\/31860"}],"wp:featuredmedia":[{"embeddable":true,"href":"https:\/\/foro1025.mx\/index.php?rest_route=\/wp\/v2\/media\/31859"}],"wp:attachment":[{"href":"https:\/\/foro1025.mx\/index.php?rest_route=%2Fwp%2Fv2%2Fmedia&parent=31858"}],"wp:term":[{"taxonomy":"category","embeddable":true,"href":"https:\/\/foro1025.mx\/index.php?rest_route=%2Fwp%2Fv2%2Fcategories&post=31858"},{"taxonomy":"post_tag","embeddable":true,"href":"https:\/\/foro1025.mx\/index.php?rest_route=%2Fwp%2Fv2%2Ftags&post=31858"}],"curies":[{"name":"wp","href":"https:\/\/api.w.org\/{rel}","templated":true}]}}