{"id":32398,"date":"2024-12-02T00:13:29","date_gmt":"2024-12-02T06:13:29","guid":{"rendered":"https:\/\/foro1025.mx\/?p=32398"},"modified":"2024-12-03T00:21:36","modified_gmt":"2024-12-03T06:21:36","slug":"tres-anos-de-trabajo-y-amor-profundo-a-izcalli-karla-fiesco-rinde-tercer-informe","status":"publish","type":"post","link":"https:\/\/foro1025.mx\/?p=32398","title":{"rendered":"Tres a\u00f1os de trabajo y amor profundo a Izcalli: Karla Fiesco rinde tercer informe"},"content":{"rendered":"<p class=\"p1\"><em>-\u00abPasamos de la inoperatividad municipal a dejar organismos funcionales y con resultados\u201d<\/em><\/p>\n<p class=\"p1\"><em>-\u00a1GRACIAS IZCALLI! \u201ddejamos como herencia, un trabajo que da lo mejor de s\u00ed, sin pretextos. Somos izcallenses, y nada ni nadie nos detiene\u201d.<\/em><\/p>\n<p class=\"p1\">Esta ma\u00f1ana, la presidenta municipal Karla Fiesco Garc\u00eda present\u00f3 su Tercer Informe de Gobierno en el ic\u00f3nico Parque de las Esculturas, ante autoridades federales, estatales y municipales, as\u00ed como vecinos de Cuautitl\u00e1n Izcalli. En su mensaje, reafirm\u00f3 su amor y compromiso profundo con las familias izcallenses, destacando los avances alcanzados durante los tres a\u00f1os de gesti\u00f3n.<\/p>\n<p><img loading=\"lazy\" decoding=\"async\" class=\"aligncenter size-large wp-image-32400\" src=\"https:\/\/foro1025.mx\/wp-content\/uploads\/2024\/12\/3-1024x683.jpeg\" alt=\"\" width=\"1024\" height=\"683\" srcset=\"https:\/\/foro1025.mx\/wp-content\/uploads\/2024\/12\/3-1024x683.jpeg 1024w, https:\/\/foro1025.mx\/wp-content\/uploads\/2024\/12\/3-300x200.jpeg 300w, https:\/\/foro1025.mx\/wp-content\/uploads\/2024\/12\/3-768x512.jpeg 768w, https:\/\/foro1025.mx\/wp-content\/uploads\/2024\/12\/3.jpeg 1280w\" sizes=\"auto, (max-width: 1024px) 100vw, 1024px\" \/><\/p>\n<p class=\"p1\">La alcaldesa record\u00f3 los retos iniciales de su administraci\u00f3n: \u201cRecibimos un municipio lastimado, pero con capacidad, trabajo, un equipo comprometido y sin pretextos, logramos transformar a DIF, OPERAGUA e INMUDECI en organismos funcionales y con resultados.\u201d<\/p>\n<p class=\"p1\">Fiesco Garc\u00eda expres\u00f3 su gratitud por la oportunidad de servir: \u201cGuardar m\u00e1s de mil d\u00edas en un solo discurso parece imposible. Ser presidenta de Izcalli ha sido el honor m\u00e1s grande que me han conferido. Este informe guarda todos los recuerdos de este trayecto juntas y juntos.\u201d<\/p>\n<p class=\"p1\">Salud y bienestar: un eje prioritario<\/p>\n<p class=\"p1\">En materia de salud, destac\u00f3 la creaci\u00f3n del Centro de Atenci\u00f3n Psicol\u00f3gica, Pedag\u00f3gica y Psiqui\u00e1trica (CAPPPCI), \u00fanico en su tipo en el Estado de M\u00e9xico, y la apertura del Centro de Autismo, que ha otorgado m\u00e1s de 1,800 servicios. Adem\u00e1s, se rehabilitaron cinco estancias infantiles y tres casas de d\u00eda para personas mayores, que hoy albergan a 19 clubes activos.<\/p>\n<p class=\"p1\">Infraestructura que transforma<\/p>\n<p class=\"p1\">Subray\u00f3 que la Direcci\u00f3n de Servicios P\u00fablicos realiz\u00f3 trabajos de bacheo en m\u00e1s de 270 mil metros cuadrados y 120 mil metros cuadrados por parte de la Direcci\u00f3n de Desarrollo Urbano. De igual forma se realiz\u00f3 la pavimentaci\u00f3n de 69 vialidades, equivalentes a 43.61 kil\u00f3metros. Cuautitl\u00e1n Izcalli tambi\u00e9n fue reconocido entre las 10 ciudades seleccionadas por la iniciativa Reactiva.Mx, con intervenciones en cruces estrat\u00e9gicos como Av. De los Fresnos, Av. Teotihuac\u00e1n, Av. Toluca y Av. De las Amazonas.<\/p>\n<p><img loading=\"lazy\" decoding=\"async\" class=\"aligncenter size-large wp-image-32401\" src=\"https:\/\/foro1025.mx\/wp-content\/uploads\/2024\/12\/4-1024x576.jpeg\" alt=\"\" width=\"1024\" height=\"576\" srcset=\"https:\/\/foro1025.mx\/wp-content\/uploads\/2024\/12\/4-1024x576.jpeg 1024w, https:\/\/foro1025.mx\/wp-content\/uploads\/2024\/12\/4-300x169.jpeg 300w, https:\/\/foro1025.mx\/wp-content\/uploads\/2024\/12\/4-768x432.jpeg 768w, https:\/\/foro1025.mx\/wp-content\/uploads\/2024\/12\/4-1536x864.jpeg 1536w, https:\/\/foro1025.mx\/wp-content\/uploads\/2024\/12\/4-678x381.jpeg 678w, https:\/\/foro1025.mx\/wp-content\/uploads\/2024\/12\/4.jpeg 1600w\" sizes=\"auto, (max-width: 1024px) 100vw, 1024px\" \/><\/p>\n<p class=\"p1\">Adem\u00e1s, se instalaron m\u00e1s de 18,000 luminarias nuevas y se repararon 23,000 m\u00e1s, devolviendo luz y seguridad a las calles del municipio.<\/p>\n<p class=\"p1\">Educaci\u00f3n, deporte y espacios p\u00fablicos<\/p>\n<p class=\"p1\">Durante los \u00faltimos tres a\u00f1os, se construyeron ocho aulas, 42 arcotechos y tres canchas deportivas, adem\u00e1s de rehabilitarse 42 parques con nuevos m\u00f3dulos de juegos.<\/p>\n<p class=\"p1\">En apoyo a las juventudes, destac\u00f3 la creaci\u00f3n de Ciudad Juventud, un espacio de desarrollo integral que benefici\u00f3 a m\u00e1s de 70,000 personas, y el reconocimiento a j\u00f3venes destacados con los Premios Juventud.<\/p>\n<p class=\"p1\">Seguridad: el compromiso con las familias izcallenses<\/p>\n<p class=\"p1\">La presidenta reafirm\u00f3 que la seguridad fue uno de los ejes prioritarios: \u201cPor confiarnos aquello que te preocupa, que te duele, hoy vivimos con m\u00e1s seguridad gracias al esfuerzo de todos.\u201d<\/p>\n<p class=\"p1\">Se incorporaron 50 nuevos elementos a la Polic\u00eda Municipal y se entregaron m\u00e1s de 1,800 uniformes y equipo t\u00e1ctico. Adem\u00e1s, con una inversi\u00f3n de 89 millones de pesos, se adquirieron 85 patrullas y se moderniz\u00f3 el Centro de Mando, ampliando el videowall con 12 nuevas pantallas. Se otorgaron 59 becas a polic\u00edas para estudiar la licenciatura en derecho y 21 para la maestr\u00eda en Ciencias Pol\u00edticas y Penales.<\/p>\n<p class=\"p1\">\u201cQue todo aquello que hagamos sea una herencia permanente para las y los izcallenses, por eso modernizamos nuestro Centro de Mando, ampliando el videowall con 12 nuevas pantallas, hoy contamos con 41 postes nuevos con bot\u00f3n de p\u00e1nico, 190 c\u00e1maras activas, 100 c\u00e1maras de solapa que permiten reforzar la confianza entre elementos y ciudadan\u00eda, y 50 botones de p\u00e1nico adicionales\u201d, coment\u00f3 Fiesco Garc\u00eda.<\/p>\n<p><img loading=\"lazy\" decoding=\"async\" class=\"aligncenter size-large wp-image-32403\" src=\"https:\/\/foro1025.mx\/wp-content\/uploads\/2024\/12\/lw-1024x768.jpg\" alt=\"\" width=\"1024\" height=\"768\" srcset=\"https:\/\/foro1025.mx\/wp-content\/uploads\/2024\/12\/lw-1024x768.jpg 1024w, https:\/\/foro1025.mx\/wp-content\/uploads\/2024\/12\/lw-300x225.jpg 300w, https:\/\/foro1025.mx\/wp-content\/uploads\/2024\/12\/lw-768x576.jpg 768w, https:\/\/foro1025.mx\/wp-content\/uploads\/2024\/12\/lw-1536x1152.jpg 1536w, https:\/\/foro1025.mx\/wp-content\/uploads\/2024\/12\/lw-2048x1536.jpg 2048w, https:\/\/foro1025.mx\/wp-content\/uploads\/2024\/12\/lw-678x509.jpg 678w, https:\/\/foro1025.mx\/wp-content\/uploads\/2024\/12\/lw-326x245.jpg 326w, https:\/\/foro1025.mx\/wp-content\/uploads\/2024\/12\/lw-80x60.jpg 80w\" sizes=\"auto, (max-width: 1024px) 100vw, 1024px\" \/><\/p>\n<p class=\"p1\">En favor de las mujeres, se instalaron 420 Puntos Violeta en 50 colonias, se cre\u00f3 la red de apoyo \u201cUnidas Somos M\u00e1s\u201d. Tambi\u00e9n se instalaron 3 Sendas Iluminadas \u201cMujer Segura\u201d, las cuales cuentan con m\u00e1s de 2 mil luminarias en puntos estrat\u00e9gicos del municipio.<\/p>\n<p class=\"p1\">En cuesti\u00f3n de las alertas de g\u00e9nero que tiene el municipio, la presidenta municipal enfatiz\u00f3 \u201cla paz y seguridad de las mujeres no es negociable, por ello atendimos de manera contundente las alertas de g\u00e9nero reforzando la Unidad de An\u00e1lisis y Contexto, sumamos 3 patrullas a la C\u00e9lula de B\u00fasqueda, y capacitamos a m\u00e1s de 190 servidores en atenci\u00f3n a primer contacto y acompa\u00f1amiento a mujeres\u201d.<\/p>\n<p class=\"p1\">Agua y desarrollo econ\u00f3mico<\/p>\n<p class=\"p1\">En materia h\u00eddrica, se rehabilitaron 11 pozos profundos y se repararon 15,000 fugas, adem\u00e1s de llevar 149 millones de litros de agua a los hogares izcallenses.<\/p>\n<p class=\"p1\">Fiesco Garc\u00eda tambi\u00e9n destac\u00f3 que m\u00e1s de 5,000 negocios obtuvieron licencias permanentes, asegurando su operaci\u00f3n, mientras que 18,000 izcallenses fueron vinculados a empleos y 7,000 recibieron capacitaci\u00f3n para autoempleo.<\/p>\n<p><img loading=\"lazy\" decoding=\"async\" class=\"aligncenter size-large wp-image-32402\" src=\"https:\/\/foro1025.mx\/wp-content\/uploads\/2024\/12\/6-1024x1024.jpeg\" alt=\"\" width=\"1024\" height=\"1024\" srcset=\"https:\/\/foro1025.mx\/wp-content\/uploads\/2024\/12\/6-1024x1024.jpeg 1024w, https:\/\/foro1025.mx\/wp-content\/uploads\/2024\/12\/6-300x300.jpeg 300w, https:\/\/foro1025.mx\/wp-content\/uploads\/2024\/12\/6-150x150.jpeg 150w, https:\/\/foro1025.mx\/wp-content\/uploads\/2024\/12\/6-768x768.jpeg 768w, https:\/\/foro1025.mx\/wp-content\/uploads\/2024\/12\/6-1536x1536.jpeg 1536w, https:\/\/foro1025.mx\/wp-content\/uploads\/2024\/12\/6.jpeg 1600w\" sizes=\"auto, (max-width: 1024px) 100vw, 1024px\" \/><\/p>\n<p class=\"p1\">\u00a1GRACIAS IZCALLI!<\/p>\n<p class=\"p1\">La alcaldesa cerr\u00f3 su informe con un mensaje lleno de emotividad:<\/p>\n<p class=\"p1\">\u201cEn unos d\u00edas termina mi responsabilidad al frente de este gobierno, pero se queda intocable la promesa de un ma\u00f1ana donde nos seguiremos encontrando. Siempre he sido una mujer de retos, que cree, que se entrega y que da lo mejor de s\u00ed. Somos izcallenses, y nada ni nadie nos detiene.\u201d<\/p>\n<p class=\"p1\">En el evento, en representaci\u00f3n de la Gobernadora del Estado de M\u00e9xico, Mtra. Delfina G\u00f3mez \u00c1lvarez, asisti\u00f3 la Mtra. Rosa Venus Bedolla Ort\u00edz, directora general del Instituto de Profesionalizaci\u00f3n de los Servidores P\u00fablicos del Poder Ejecutivo la cual reconoci\u00f3 el liderazgo y trabajo con las y los izcallenses a lo largo de la administraci\u00f3n. Tambi\u00e9n estuvieron presentes la diputada local Joanna Alejandra Felipe Torres; la titular de la Notar\u00eda No. 36 del Estado de M\u00e9xico, Laura Patricia Garc\u00eda; el representante del PAN ante el INE, V\u00edctor Hugo Sond\u00f3n Saavedra; y el diputado local y presidente del Comit\u00e9 Directivo Estatal del PAN, Anuar Roberto Azar Figueroa, entre otras distinguidas autoridades estatales, federales y municipales.<\/p>\n","protected":false},"excerpt":{"rendered":"<div class=\"mh-excerpt\"><p>-\u00abPasamos de la inoperatividad municipal a dejar organismos funcionales y con resultados\u201d -\u00a1GRACIAS IZCALLI! \u201ddejamos <a class=\"mh-excerpt-more\" href=\"https:\/\/foro1025.mx\/?p=32398\" title=\"Tres a\u00f1os de trabajo y amor profundo a Izcalli: Karla Fiesco rinde tercer informe\">&#8230;<\/a><\/p>\n<\/div>","protected":false},"author":1,"featured_media":32399,"comment_status":"closed","ping_status":"closed","sticky":false,"template":"","format":"standard","meta":{"footnotes":""},"categories":[29],"tags":[],"class_list":{"0":"post-32398","1":"post","2":"type-post","3":"status-publish","4":"format-standard","5":"has-post-thumbnail","7":"category-cuautitlan-izcalli"},"_links":{"self":[{"href":"https:\/\/foro1025.mx\/index.php?rest_route=\/wp\/v2\/posts\/32398","targetHints":{"allow":["GET"]}}],"collection":[{"href":"https:\/\/foro1025.mx\/index.php?rest_route=\/wp\/v2\/posts"}],"about":[{"href":"https:\/\/foro1025.mx\/index.php?rest_route=\/wp\/v2\/types\/post"}],"author":[{"embeddable":true,"href":"https:\/\/foro1025.mx\/index.php?rest_route=\/wp\/v2\/users\/1"}],"replies":[{"embeddable":true,"href":"https:\/\/foro1025.mx\/index.php?rest_route=%2Fwp%2Fv2%2Fcomments&post=32398"}],"version-history":[{"count":3,"href":"https:\/\/foro1025.mx\/index.php?rest_route=\/wp\/v2\/posts\/32398\/revisions"}],"predecessor-version":[{"id":32406,"href":"https:\/\/foro1025.mx\/index.php?rest_route=\/wp\/v2\/posts\/32398\/revisions\/32406"}],"wp:featuredmedia":[{"embeddable":true,"href":"https:\/\/foro1025.mx\/index.php?rest_route=\/wp\/v2\/media\/32399"}],"wp:attachment":[{"href":"https:\/\/foro1025.mx\/index.php?rest_route=%2Fwp%2Fv2%2Fmedia&parent=32398"}],"wp:term":[{"taxonomy":"category","embeddable":true,"href":"https:\/\/foro1025.mx\/index.php?rest_route=%2Fwp%2Fv2%2Fcategories&post=32398"},{"taxonomy":"post_tag","embeddable":true,"href":"https:\/\/foro1025.mx\/index.php?rest_route=%2Fwp%2Fv2%2Ftags&post=32398"}],"curies":[{"name":"wp","href":"https:\/\/api.w.org\/{rel}","templated":true}]}}