{"id":32462,"date":"2024-12-09T17:53:02","date_gmt":"2024-12-09T23:53:02","guid":{"rendered":"https:\/\/foro1025.mx\/?p=32462"},"modified":"2024-12-10T18:19:30","modified_gmt":"2024-12-11T00:19:30","slug":"aldo-ledezma-reyna-rindio-su-tercer-informe-cuautitlan-es-una-tierra-con-historia-y-tradicion","status":"publish","type":"post","link":"https:\/\/foro1025.mx\/?p=32462","title":{"rendered":"Aldo Ledezma Reyna rindi\u00f3 su tercer informe, \u00abCuautitl\u00e1n es una Tierra con Historia y Tradici\u00f3n\u00bb"},"content":{"rendered":"<p class=\"p1\"><b>\u201cCuautitl\u00e1n es una Tierra con Historia y Tradici\u00f3n\u201d<\/b><\/p>\n<p class=\"p2\">Aldo Ledezma Reyna, Presidente Municipal de Cuautitl\u00e1n M\u00e9xico, acompa\u00f1ado por su esposa la titular del Sistema Municipal DIF, Brenda Aguilar Zamora, los integrantes de su Cabildo, invitados especiales, David S\u00e1nchez Isidoro, presidente de Coacalco, Marco Antonio Rodr\u00edguez Hurtado, presidente de Tlalnepantla, Cristina Ruiz Sandoval presidenta del PRI mexiquense, los diputados El\u00edas Rescala y Alejandro Castro, ex presidentes de este municipio,<span class=\"Apple-converted-space\">\u00a0 <\/span>funcionarios y vecinos del lugar, rindi\u00f3 su 3er Informe de Gobierno de Logros y Resultados en el recinto oficial \u201cLuis Nishizawa Flores\u201d.<\/p>\n<p><img loading=\"lazy\" decoding=\"async\" class=\"aligncenter size-large wp-image-32466\" src=\"https:\/\/foro1025.mx\/wp-content\/uploads\/2024\/12\/17338090337012-1024x682.jpg\" alt=\"\" width=\"1024\" height=\"682\" srcset=\"https:\/\/foro1025.mx\/wp-content\/uploads\/2024\/12\/17338090337012-1024x682.jpg 1024w, https:\/\/foro1025.mx\/wp-content\/uploads\/2024\/12\/17338090337012-300x200.jpg 300w, https:\/\/foro1025.mx\/wp-content\/uploads\/2024\/12\/17338090337012-768x511.jpg 768w, https:\/\/foro1025.mx\/wp-content\/uploads\/2024\/12\/17338090337012-1536x1023.jpg 1536w, https:\/\/foro1025.mx\/wp-content\/uploads\/2024\/12\/17338090337012-2048x1364.jpg 2048w\" sizes=\"auto, (max-width: 1024px) 100vw, 1024px\" \/><\/p>\n<p class=\"p2\">Con voz tranquila Aldo Ledezma se\u00f1al\u00f3: \u201cCuautitl\u00e1n es una tierra con historia y tradici\u00f3n, de gente trabajadora comprometida con la sociedad, las familias y el progreso. Sus pueblos, colonias, barrios y calles reflejan el paso de la historia y el crecimiento, desarrollo como un municipio metropolitano apegado a las tradiciones, pero con la mirada fija, puesta en el progreso y el bienestar de sus habitantes\u201d.<\/p>\n<p class=\"p2\">Agreg\u00f3: \u201cVivir y conocer tu tierra es sin duda; una oportunidad invaluable para poder servir a quienes aqu\u00ed habitan, el amor, el cari\u00f1o y el deseo de trabajar por los tuyos es la principal meta de proyectos y soluciones. Este logro ha sido posible gracias al incansable esfuerzo del cuerpo edilicio, la sindicatura y los regidores, quienes, con su dedicaci\u00f3n, disposici\u00f3n y buena voluntad, han trabajado incansablemente a lo largo de estos 36 meses\u201d.<\/p>\n<p><img loading=\"lazy\" decoding=\"async\" class=\"aligncenter size-large wp-image-32467\" src=\"https:\/\/foro1025.mx\/wp-content\/uploads\/2024\/12\/lw2-683x1024.jpg\" alt=\"\" width=\"683\" height=\"1024\" srcset=\"https:\/\/foro1025.mx\/wp-content\/uploads\/2024\/12\/lw2-683x1024.jpg 683w, https:\/\/foro1025.mx\/wp-content\/uploads\/2024\/12\/lw2-200x300.jpg 200w, https:\/\/foro1025.mx\/wp-content\/uploads\/2024\/12\/lw2-768x1152.jpg 768w, https:\/\/foro1025.mx\/wp-content\/uploads\/2024\/12\/lw2-1024x1536.jpg 1024w, https:\/\/foro1025.mx\/wp-content\/uploads\/2024\/12\/lw2-1365x2048.jpg 1365w, https:\/\/foro1025.mx\/wp-content\/uploads\/2024\/12\/lw2-scaled.jpg 1707w\" sizes=\"auto, (max-width: 683px) 100vw, 683px\" \/><\/p>\n<p class=\"p2\">\u201cCada uno de ustedes ha sido pieza clave para que hoy podamos ver reflejado este trabajo en beneficio directo del pueblo de Cuautitl\u00e1n. Sin lugar a dudas, quedar\u00e1n grabados en la historia como el Cabildo del Bicentenario\u201d.<\/p>\n<p class=\"p2\">\u201cGracias, de coraz\u00f3n, a cada uno de ustedes, por mantener viva la memoria de de d\u00f3nde venimos y hacia d\u00f3nde vamos\u201d. Estos 3 a\u00f1os han sido m\u00e1s que tiempo; han sido la prueba palpable de que, con trabajo arduo en el terreno, y el compromiso verdadero con una coordinaci\u00f3n plena, el desarrollo florece y transforma la vida de nuestra gente. Planear, dirigir y evaluar sin duda no ha sido tarea f\u00e1cil, pero con la experiencia, dedicaci\u00f3n y ganas de cambio ha sido inminente\u201d.<\/p>\n<p class=\"p2\">El gobierno municipal destac\u00f3 en: Desarrollo Social, Deporte, Actividades Culturales Museo e Historia. Al respecto rehabilit\u00f3 carreteras, se realiz\u00f3 la construcci\u00f3n de arcotechos y ba\u00f1os en planteles educativos, implement\u00f3 \u201cComedores Comunitarios!, construy\u00f3 inmuebles como \u201cCasa de D\u00eda del Adulto Mayor\u201d.<\/p>\n<p class=\"p2\"><b>JORNADAS DE SALUD: <\/b>Con el apoyo de Instituto de Salud del Estado de M\u00e9xico se realizaron Jornadas de Prevenci\u00f3n del Embarazo y de la Salud F\u00edsica y Mental. A trav\u00e9s de la prevenci\u00f3n y detecci\u00f3n oportuna se pretende preservar la calidad de vida de los cuautitlenses.<\/p>\n<p class=\"p3\"><b>EN MATERIA H\u00cdDRICA<\/b> se rehaliz\u00f3 el mantenimiento y rehabilitaci\u00f3n a 5 pozos que beneficiaron con un mayor abasto de agua 67 mil 811 habitantes, en los cuales se instal\u00f3 y desinstal\u00f3 la bomba y su estructura, cepillado, cuchareado, aforo, cambi\u00f3 de tuber\u00eda y cambi\u00f3 o reparaci\u00f3n de la bomba en los siguientes pozos: Misiones. Hacienda Cuautitl\u00e1n y La Nueva Espa\u00f1ita.<\/p>\n<p><img loading=\"lazy\" decoding=\"async\" class=\"aligncenter size-large wp-image-32468\" src=\"https:\/\/foro1025.mx\/wp-content\/uploads\/2024\/12\/lw3-683x1024.jpg\" alt=\"\" width=\"683\" height=\"1024\" srcset=\"https:\/\/foro1025.mx\/wp-content\/uploads\/2024\/12\/lw3-683x1024.jpg 683w, https:\/\/foro1025.mx\/wp-content\/uploads\/2024\/12\/lw3-200x300.jpg 200w, https:\/\/foro1025.mx\/wp-content\/uploads\/2024\/12\/lw3-768x1152.jpg 768w, https:\/\/foro1025.mx\/wp-content\/uploads\/2024\/12\/lw3-1024x1536.jpg 1024w, https:\/\/foro1025.mx\/wp-content\/uploads\/2024\/12\/lw3-1365x2048.jpg 1365w, https:\/\/foro1025.mx\/wp-content\/uploads\/2024\/12\/lw3-scaled.jpg 1707w\" sizes=\"auto, (max-width: 683px) 100vw, 683px\" \/><\/p>\n<p class=\"p2\"><b>SEGURIDAD P\u00daBLICA EN CUAUTITL\u00c1N<\/b>: Para coadyuvar a la restructuraci\u00f3n y homologaci\u00f3n salarial del personal operativo adscrito a la Direcci\u00f3n de Seguridad P\u00fablica y Tr\u00e1nsito Municipal, el municipio destino recursos financieros con cargo a el FORTAMUN.<\/p>\n<p class=\"p2\">Se instalar\u00f3n 10 postes y 48 c\u00e1maras de videovigilancia urbana. Se adquiri\u00f3 radiocomunicaci\u00f3n \u201ctetra\u201d que permite establecer comunicaci\u00f3n interna encriptada, adem\u00e1s la adquisici\u00f3n de 100 radios, m\u00f3viles, 60 radios port\u00e1tiles, tambi\u00e9n se cuenta con 2 repetidoras y 2 radios base.<\/p>\n<p class=\"p3\">Para inhibir el delito de robo vehicular se adquiri\u00f3 el primer \u201cArco Carretero\u201d el cual es capaz de leer las matr\u00edculas vehiculares y con ello detectar los autom\u00f3viles con reporte de robo a trav\u00e9s de 8 c\u00e1maras comunicadas al \u201cCentro de Inteligencia y Monitoreo de Emergencia Cuautitl\u00e1n Bicentenario\u201d.<\/p>\n<p class=\"p2\">Hubo un incremento salarial al 98 por ciento del personal operativo de Seguridad P\u00fablica y Tr\u00e1nsito Municipal, con lo cual se pretende mantener un salario digno y disminuir los niveles de corrupci\u00f3n en los elementos de la corporaci\u00f3n.<\/p>\n<p><img loading=\"lazy\" decoding=\"async\" class=\"aligncenter size-large wp-image-32469\" src=\"https:\/\/foro1025.mx\/wp-content\/uploads\/2024\/12\/lw4-1024x768.jpg\" alt=\"\" width=\"1024\" height=\"768\" srcset=\"https:\/\/foro1025.mx\/wp-content\/uploads\/2024\/12\/lw4-1024x768.jpg 1024w, https:\/\/foro1025.mx\/wp-content\/uploads\/2024\/12\/lw4-300x225.jpg 300w, https:\/\/foro1025.mx\/wp-content\/uploads\/2024\/12\/lw4-768x576.jpg 768w, https:\/\/foro1025.mx\/wp-content\/uploads\/2024\/12\/lw4-1536x1152.jpg 1536w, https:\/\/foro1025.mx\/wp-content\/uploads\/2024\/12\/lw4-2048x1536.jpg 2048w, https:\/\/foro1025.mx\/wp-content\/uploads\/2024\/12\/lw4-678x509.jpg 678w, https:\/\/foro1025.mx\/wp-content\/uploads\/2024\/12\/lw4-326x245.jpg 326w, https:\/\/foro1025.mx\/wp-content\/uploads\/2024\/12\/lw4-80x60.jpg 80w\" sizes=\"auto, (max-width: 1024px) 100vw, 1024px\" \/><\/p>\n<p class=\"p3\">En colaboraci\u00f3n de la Fiscal\u00eda Especializada para la B\u00fasqueda de Personas Desaparecida y no localizadas se han atendido 497 medidas de protecci\u00f3n en las cuales destacan los delitos por abuso y acoso sexual, lesiones y violencia familiar.<\/p>\n<p class=\"p3\">Se cre\u00f3 la \u201cPolic\u00eda de G\u00e9nero\u201d la cual atiende de manera inmediata a los llamados familiares y v\u00edctimas de violencia f\u00edsica, sexual, la privaci\u00f3n de la libertad y la desaparici\u00f3n de femeninas a trav\u00e9s de solicitudes de apoyo. Fueron atendidas 497 medidas de protecci\u00f3n.<\/p>\n<p class=\"p3\">Gracias a los acuerdos firmados con los alcaldes de Tultepec, Melchor Ocampo y Coyotepec. Se establecen las bases de colaboraci\u00f3n y coordinaci\u00f3n para desarrollar acciones que permitan implementar medidas de protecci\u00f3n para quienes resulten ser victimas de violencia familiar y tengan en peligro su integridad.<\/p>\n<p class=\"p3\">En coordinaci\u00f3n con la Direcci\u00f3n de Seguridad P\u00fablica y Tr\u00e1nsito Municipal se coadyuva a garantizar el transporte seguro para las pasajeras de Cuautitl\u00e1n en Av. Teyahualco y en Calzada de Guadalupe.<\/p>\n<p class=\"p2\">Se atendi\u00f3 la emergencia derivado de las inundaciones suscitadas en el Fraccionamiento Rancho San Blas, se brind\u00f3 apoyo a los damnificados con bienes y servicios b\u00e1sicos, a las cuales se apoy\u00f3 a 279 familias de manera directa a quienes se les entregaron cheques por 3 mil pesos y<span class=\"Apple-converted-space\">\u00a0 <\/span>de 5 mil pesos en 2 exhibiciones.<\/p>\n<p class=\"p4\">\n","protected":false},"excerpt":{"rendered":"<div class=\"mh-excerpt\"><p>\u201cCuautitl\u00e1n es una Tierra con Historia y Tradici\u00f3n\u201d Aldo Ledezma Reyna, Presidente Municipal de Cuautitl\u00e1n <a class=\"mh-excerpt-more\" href=\"https:\/\/foro1025.mx\/?p=32462\" title=\"Aldo Ledezma Reyna rindi\u00f3 su tercer informe, \u00abCuautitl\u00e1n es una Tierra con Historia y Tradici\u00f3n\u00bb\">&#8230;<\/a><\/p>\n<\/div>","protected":false},"author":1,"featured_media":32463,"comment_status":"closed","ping_status":"closed","sticky":false,"template":"","format":"standard","meta":{"footnotes":""},"categories":[40],"tags":[],"class_list":{"0":"post-32462","1":"post","2":"type-post","3":"status-publish","4":"format-standard","5":"has-post-thumbnail","7":"category-cuautitlan-mexico"},"_links":{"self":[{"href":"https:\/\/foro1025.mx\/index.php?rest_route=\/wp\/v2\/posts\/32462","targetHints":{"allow":["GET"]}}],"collection":[{"href":"https:\/\/foro1025.mx\/index.php?rest_route=\/wp\/v2\/posts"}],"about":[{"href":"https:\/\/foro1025.mx\/index.php?rest_route=\/wp\/v2\/types\/post"}],"author":[{"embeddable":true,"href":"https:\/\/foro1025.mx\/index.php?rest_route=\/wp\/v2\/users\/1"}],"replies":[{"embeddable":true,"href":"https:\/\/foro1025.mx\/index.php?rest_route=%2Fwp%2Fv2%2Fcomments&post=32462"}],"version-history":[{"count":3,"href":"https:\/\/foro1025.mx\/index.php?rest_route=\/wp\/v2\/posts\/32462\/revisions"}],"predecessor-version":[{"id":32470,"href":"https:\/\/foro1025.mx\/index.php?rest_route=\/wp\/v2\/posts\/32462\/revisions\/32470"}],"wp:featuredmedia":[{"embeddable":true,"href":"https:\/\/foro1025.mx\/index.php?rest_route=\/wp\/v2\/media\/32463"}],"wp:attachment":[{"href":"https:\/\/foro1025.mx\/index.php?rest_route=%2Fwp%2Fv2%2Fmedia&parent=32462"}],"wp:term":[{"taxonomy":"category","embeddable":true,"href":"https:\/\/foro1025.mx\/index.php?rest_route=%2Fwp%2Fv2%2Fcategories&post=32462"},{"taxonomy":"post_tag","embeddable":true,"href":"https:\/\/foro1025.mx\/index.php?rest_route=%2Fwp%2Fv2%2Ftags&post=32462"}],"curies":[{"name":"wp","href":"https:\/\/api.w.org\/{rel}","templated":true}]}}