{"id":32514,"date":"2024-12-15T22:41:15","date_gmt":"2024-12-16T04:41:15","guid":{"rendered":"https:\/\/foro1025.mx\/?p=32514"},"modified":"2024-12-18T22:43:19","modified_gmt":"2024-12-19T04:43:19","slug":"david-sanchez-toma-protesta-a-los-integrantes-del-cuerpo-edilicio-para-el-periodo-2025-2027-del-ayuntamiento-de-coacalco","status":"publish","type":"post","link":"https:\/\/foro1025.mx\/?p=32514","title":{"rendered":"David S\u00e1nchez toma protesta a los integrantes del cuerpo edilicio para el periodo 2025-2027 del ayuntamiento de Coacalco"},"content":{"rendered":"<p class=\"p2\">Al tomar protesta como presidente municipal de Coacalco para el periodo 2025-2027, David S\u00e1nchez Isidoro anunci\u00f3 que, a partir de la primera quincena de enero de 2025, los elementos de Seguridad P\u00fablica y Tr\u00e1nsito tendr\u00e1n un incremento en su salario, que ser\u00e1 del 100 por ciento hasta el 120 por ciento, de acuerdo con los ingresos m\u00e1s bajos del actual tabulador de la corporaci\u00f3n.<\/p>\n<p class=\"p2\">Ante la secretaria de Desarrollo Econ\u00f3mico, Laura Gonz\u00e1lez Hern\u00e1ndez, representante personal de la Gobernadora del Estado de M\u00e9xico, Maestra Delfina G\u00f3mez \u00c1lvarez, David S\u00e1nchez tom\u00f3 protesta como presidente municipal para un segundo periodo consecutivo.<\/p>\n<p class=\"p2\">El alcalde destac\u00f3 que una de las principales medidas de la nueva administraci\u00f3n, que entra en funciones el 1 de enero pr\u00f3ximo, ser\u00e1 fortalecer la seguridad. Reconociendo la labor de quienes protegen a las y los coacalquenses, anunci\u00f3 el aumento salarial, adem\u00e1s de incrementar la fuerza policial con 100 elementos adicionales por a\u00f1o, adquirir m\u00e1s equipamiento e implementar una nueva semaforizaci\u00f3n en todo el municipio, equipada con c\u00e1maras de vigilancia conectadas al C4.<\/p>\n<p><img loading=\"lazy\" decoding=\"async\" class=\"aligncenter size-large wp-image-32516\" src=\"https:\/\/foro1025.mx\/wp-content\/uploads\/2024\/12\/CHACON--1024x682.jpeg\" alt=\"\" width=\"1024\" height=\"682\" srcset=\"https:\/\/foro1025.mx\/wp-content\/uploads\/2024\/12\/CHACON--1024x682.jpeg 1024w, https:\/\/foro1025.mx\/wp-content\/uploads\/2024\/12\/CHACON--300x200.jpeg 300w, https:\/\/foro1025.mx\/wp-content\/uploads\/2024\/12\/CHACON--768x512.jpeg 768w, https:\/\/foro1025.mx\/wp-content\/uploads\/2024\/12\/CHACON-.jpeg 1280w\" sizes=\"auto, (max-width: 1024px) 100vw, 1024px\" \/><\/p>\n<p class=\"p2\">Asimismo, S\u00e1nchez se\u00f1al\u00f3 que se ha demostrado que cuando existe voluntad, es posible realizar mejores acciones. Como ejemplo, destac\u00f3 el incremento en el abasto de agua, que pas\u00f3 del 52 por ciento que lo recibi\u00f3 al 98 por ciento, gracias a la sustituci\u00f3n, perforaci\u00f3n y equipamiento de 6 pozos y el equipamiento de uno m\u00e1s, la construcci\u00f3n de una l\u00ednea de conducci\u00f3n en Parque Residencial Coacalco y la administraci\u00f3n del pozo Cosmopol. Estas acciones garantizan el suministro de agua por al menos los pr\u00f3ximos 30 a\u00f1os, siempre y cuando la poblaci\u00f3n haga un uso responsable del recurso.<\/p>\n<p class=\"p2\">Subray\u00f3 que con la continuidad de buenos resultados, seguir\u00e1 demostrando que el partido que representa es la mejor opci\u00f3n en el gobierno, ya que s\u00ed saben trabajar y s\u00ed saben cumplir.<\/p>\n<p class=\"p2\">Agreg\u00f3 que, en comparaci\u00f3n con 2022, cuando asumi\u00f3 una deuda millonaria, su administraci\u00f3n ha manejado las finanzas de manera responsable, sin endeudar al municipio ni contratar cr\u00e9ditos a corto o largo plazo en los \u00faltimos dos a\u00f1os. Por el contrario, logr\u00f3 reducir la deuda p\u00fablica en un 3 por ciento respecto a la dejada por la administraci\u00f3n 2019-2021.<\/p>\n<p><img loading=\"lazy\" decoding=\"async\" class=\"aligncenter size-large wp-image-32517\" src=\"https:\/\/foro1025.mx\/wp-content\/uploads\/2024\/12\/1-3-1024x682.jpeg\" alt=\"\" width=\"1024\" height=\"682\" srcset=\"https:\/\/foro1025.mx\/wp-content\/uploads\/2024\/12\/1-3-1024x682.jpeg 1024w, https:\/\/foro1025.mx\/wp-content\/uploads\/2024\/12\/1-3-300x200.jpeg 300w, https:\/\/foro1025.mx\/wp-content\/uploads\/2024\/12\/1-3-768x512.jpeg 768w, https:\/\/foro1025.mx\/wp-content\/uploads\/2024\/12\/1-3.jpeg 1280w\" sizes=\"auto, (max-width: 1024px) 100vw, 1024px\" \/><\/p>\n<p class=\"p2\">Acompa\u00f1ado por m\u00e1s de cinco mil coacalquenses, su esposa Mar\u00eda de Lourdes Gonz\u00e1lez Ocampo, sus hijos, el diputado El\u00edas Rescala Jim\u00e9nez, vicepresidente de la Junta de Coordinaci\u00f3n Pol\u00edtica de la LXII Legislatura del Estado de M\u00e9xico, la diputada federal Laura Ivonne Ruiz Moreno y la senadora Cristina Ruiz Sandoval, presidenta del Comit\u00e9 Directivo Estatal, S\u00e1nchez agradeci\u00f3 a las y los coacalquenses por el apoyo y la confianza que le han brindado en seis elecciones distintas. Reiter\u00f3 que nunca les ha fallado ni les fallar\u00e1.<\/p>\n<p class=\"p2\">Dentro de las acciones prioritarias para los pr\u00f3ximos tres a\u00f1os, destacan la mejora de 50 nuevos espacios con gimnasios al aire libre, equipos de calistenia y juegos infantiles, as\u00ed como la construcci\u00f3n de un deportivo de alto rendimiento en Potrero La Laguna. Adem\u00e1s, continuar\u00e1 reforzando los servicios p\u00fablicos, promoviendo el cuidado del agua con sistemas de captaci\u00f3n de agua pluvial en escuelas p\u00fablicas e instalando c\u00e1maras de videovigilancia, conectadas al C4, entre otras iniciativas para que Coacalco siga siendo el mejor lugar para vivir.<\/p>\n<p class=\"p2\">Reconoci\u00f3 tambi\u00e9n el apoyo de la Gobernadora Delfina G\u00f3mez \u00c1lvarez, quien ha respaldado a Coacalco con la entrega de despensas para familias afectadas por las recientes lluvias, la repavimentaci\u00f3n de la avenida Circuito San Pablo y el programa coordinado de bacheo. S\u00e1nchez asegur\u00f3 que seguir\u00e1n contando con su respaldo en futuros proyectos.<\/p>\n<p class=\"p2\">Por su parte, Laura Gonz\u00e1lez Hern\u00e1ndez reiter\u00f3 el compromiso del Estado de trabajar en conjunto con las autoridades municipales para atender las necesidades de las y los coacalquenses. Finalmente, dese\u00f3 \u00e9xito y logros a la nueva administraci\u00f3n en su encomienda.<\/p>\n","protected":false},"excerpt":{"rendered":"<div class=\"mh-excerpt\"><p>Al tomar protesta como presidente municipal de Coacalco para el periodo 2025-2027, David S\u00e1nchez Isidoro <a class=\"mh-excerpt-more\" href=\"https:\/\/foro1025.mx\/?p=32514\" title=\"David S\u00e1nchez toma protesta a los integrantes del cuerpo edilicio para el periodo 2025-2027 del ayuntamiento de Coacalco\">&#8230;<\/a><\/p>\n<\/div>","protected":false},"author":1,"featured_media":32515,"comment_status":"closed","ping_status":"closed","sticky":false,"template":"","format":"standard","meta":{"footnotes":""},"categories":[7],"tags":[],"class_list":{"0":"post-32514","1":"post","2":"type-post","3":"status-publish","4":"format-standard","5":"has-post-thumbnail","7":"category-coacalco"},"_links":{"self":[{"href":"https:\/\/foro1025.mx\/index.php?rest_route=\/wp\/v2\/posts\/32514","targetHints":{"allow":["GET"]}}],"collection":[{"href":"https:\/\/foro1025.mx\/index.php?rest_route=\/wp\/v2\/posts"}],"about":[{"href":"https:\/\/foro1025.mx\/index.php?rest_route=\/wp\/v2\/types\/post"}],"author":[{"embeddable":true,"href":"https:\/\/foro1025.mx\/index.php?rest_route=\/wp\/v2\/users\/1"}],"replies":[{"embeddable":true,"href":"https:\/\/foro1025.mx\/index.php?rest_route=%2Fwp%2Fv2%2Fcomments&post=32514"}],"version-history":[{"count":1,"href":"https:\/\/foro1025.mx\/index.php?rest_route=\/wp\/v2\/posts\/32514\/revisions"}],"predecessor-version":[{"id":32518,"href":"https:\/\/foro1025.mx\/index.php?rest_route=\/wp\/v2\/posts\/32514\/revisions\/32518"}],"wp:featuredmedia":[{"embeddable":true,"href":"https:\/\/foro1025.mx\/index.php?rest_route=\/wp\/v2\/media\/32515"}],"wp:attachment":[{"href":"https:\/\/foro1025.mx\/index.php?rest_route=%2Fwp%2Fv2%2Fmedia&parent=32514"}],"wp:term":[{"taxonomy":"category","embeddable":true,"href":"https:\/\/foro1025.mx\/index.php?rest_route=%2Fwp%2Fv2%2Fcategories&post=32514"},{"taxonomy":"post_tag","embeddable":true,"href":"https:\/\/foro1025.mx\/index.php?rest_route=%2Fwp%2Fv2%2Ftags&post=32514"}],"curies":[{"name":"wp","href":"https:\/\/api.w.org\/{rel}","templated":true}]}}