{"id":3259,"date":"2018-07-24T13:40:43","date_gmt":"2018-07-24T18:40:43","guid":{"rendered":"https:\/\/foro1025.mx\/?p=3259"},"modified":"2018-07-24T13:40:43","modified_gmt":"2018-07-24T18:40:43","slug":"tultitlan-convoca-a-premio-municipal-de-la-juventud-2018","status":"publish","type":"post","link":"https:\/\/foro1025.mx\/?p=3259","title":{"rendered":"Tultitl\u00e1n convoca a premio Municipal de la Juventud 2018"},"content":{"rendered":"<ul>\n<li class=\"p1\"><i>\u00a0Dicha convocatoria estar\u00e1 vigente hasta el pr\u00f3ximo 31 de agosto.<\/i><\/li>\n<\/ul>\n<p class=\"p3\"><b>Tultitl\u00e1n de Mariano Escobedo, Estado de M\u00e9xico.-<\/b> Con el fin de reconocer el papel que los j\u00f3venes desempe\u00f1an dentro de la sociedad, el Gobierno Municipal, a trav\u00e9s del Instituto Tultitlense de la Juventud (INTUJUVE), convoca al Premio Municipal de la Juventud 2018, mismo que ser\u00e1 otorgado a los j\u00f3venes que sobresalgan en \u00e1reas culturales, acad\u00e9micas y cient\u00edficas, o bien, aquellos que por sus acciones causen entusiasmo y admiraci\u00f3n y puedan considerarse un ejemplo para la juventud y un est\u00edmulo de superaci\u00f3n personal para la sociedad en general.<\/p>\n<p class=\"p3\">Al respecto, el Presidente Municipal y Maestro en Administraci\u00f3n P\u00fablica, Jorge Ad\u00e1n Barr\u00f3n Elizalde hizo un llamado a participar a todos los j\u00f3venes tultitlenses de entre 12 y 29 a\u00f1os de edad, originarios y residentes del municipio, para postularse y presentar propuestas de acuerdo con la convocatoria que estar\u00e1 vigente hasta el 31 de agosto del a\u00f1o en curso.<\/p>\n<p class=\"p3\">El edil dio a conocer que el premio se otorgar\u00e1 a las y los j\u00f3venes que hayan destacado por sus aportaciones en las siguientes categor\u00edas: Trayectoria Acad\u00e9mica, Labor Social, Trayectoria Art\u00edstica y Cultural, Superaci\u00f3n de J\u00f3venes con Discapacidad, Innovaci\u00f3n Tecnol\u00f3gica y Deporte.<\/p>\n<p class=\"p3\">Se\u00f1al\u00f3 que los interesados en participar en dicha convocatoria deber\u00e1n presentarse con la carta de postulaci\u00f3n suscrita por las personas o instituciones que proponen al candidato, destacando sus principales m\u00e9ritos. Asimismo, debe adjuntar copia de los siguientes documentos: identificaci\u00f3n oficial vigente (en caso de ser menor de edad, copia de identificaci\u00f3n oficial del padre o tutor), comprobante de domicilio, acta de nacimiento y curr\u00edculum vitae. Por \u00faltimo, debe presentarse tambi\u00e9n copia de las evidencias que acrediten los merecimientos del candidato.<\/p>\n<p><img loading=\"lazy\" decoding=\"async\" class=\"aligncenter size-full wp-image-3260\" src=\"https:\/\/foro1025.mx\/wp-content\/uploads\/2018\/07\/CONVOCATORIA-.jpg\" alt=\"\" width=\"621\" height=\"960\" \/><\/p>\n","protected":false},"excerpt":{"rendered":"<div class=\"mh-excerpt\"><p>\u00a0Dicha convocatoria estar\u00e1 vigente hasta el pr\u00f3ximo 31 de agosto. Tultitl\u00e1n de Mariano Escobedo, Estado <a class=\"mh-excerpt-more\" href=\"https:\/\/foro1025.mx\/?p=3259\" title=\"Tultitl\u00e1n convoca a premio Municipal de la Juventud 2018\">&#8230;<\/a><\/p>\n<\/div>","protected":false},"author":1,"featured_media":0,"comment_status":"open","ping_status":"open","sticky":false,"template":"","format":"standard","meta":{"footnotes":""},"categories":[10],"tags":[],"class_list":{"0":"post-3259","1":"post","2":"type-post","3":"status-publish","4":"format-standard","6":"category-tultitlan"},"_links":{"self":[{"href":"https:\/\/foro1025.mx\/index.php?rest_route=\/wp\/v2\/posts\/3259","targetHints":{"allow":["GET"]}}],"collection":[{"href":"https:\/\/foro1025.mx\/index.php?rest_route=\/wp\/v2\/posts"}],"about":[{"href":"https:\/\/foro1025.mx\/index.php?rest_route=\/wp\/v2\/types\/post"}],"author":[{"embeddable":true,"href":"https:\/\/foro1025.mx\/index.php?rest_route=\/wp\/v2\/users\/1"}],"replies":[{"embeddable":true,"href":"https:\/\/foro1025.mx\/index.php?rest_route=%2Fwp%2Fv2%2Fcomments&post=3259"}],"version-history":[{"count":1,"href":"https:\/\/foro1025.mx\/index.php?rest_route=\/wp\/v2\/posts\/3259\/revisions"}],"predecessor-version":[{"id":3261,"href":"https:\/\/foro1025.mx\/index.php?rest_route=\/wp\/v2\/posts\/3259\/revisions\/3261"}],"wp:attachment":[{"href":"https:\/\/foro1025.mx\/index.php?rest_route=%2Fwp%2Fv2%2Fmedia&parent=3259"}],"wp:term":[{"taxonomy":"category","embeddable":true,"href":"https:\/\/foro1025.mx\/index.php?rest_route=%2Fwp%2Fv2%2Fcategories&post=3259"},{"taxonomy":"post_tag","embeddable":true,"href":"https:\/\/foro1025.mx\/index.php?rest_route=%2Fwp%2Fv2%2Ftags&post=3259"}],"curies":[{"name":"wp","href":"https:\/\/api.w.org\/{rel}","templated":true}]}}