{"id":32911,"date":"2025-01-19T19:24:02","date_gmt":"2025-01-20T01:24:02","guid":{"rendered":"https:\/\/foro1025.mx\/?p=32911"},"modified":"2025-01-20T19:25:27","modified_gmt":"2025-01-21T01:25:27","slug":"ya-hay-finalistas-de-la-presea-estado-de-mexico-en-la-categoria-periodismo-e-informacion-leona-vicario","status":"publish","type":"post","link":"https:\/\/foro1025.mx\/?p=32911","title":{"rendered":"Ya hay finalistas de la Presea Estado de M\u00e9xico en la categor\u00eda periodismo e informaci\u00f3n \u00abLeona Vicario\u00bb"},"content":{"rendered":"<p class=\"p1\"><i>+Se realiz\u00f3 la revisi\u00f3n de los expedientes de 45 participantes y resultaron seleccionadas tres mujeres y un hombre.<br \/>\n+Nayeli G\u00f3mez Castillo, Coordinadora General de Comunicaci\u00f3n Social del Gobierno del Estado de M\u00e9xico, destac\u00f3 la confianza del gremio period\u00edstico para participar en esta convocatoria.<\/i><\/p>\n<p class=\"p1\">\nTOLUCA, Estado de M\u00e9xico. &#8211; Despu\u00e9s de realizar un trabajo individual y conjunto de revisi\u00f3n de los expedientes de 45 participantes en la Presea Estado de M\u00e9xico 2024 en la categor\u00eda en Periodismo e Informaci\u00f3n \u201cLeona Vicario\u201d, el Jurado Calificador llev\u00f3 a cabo la tercera y \u00faltima sesi\u00f3n para la definici\u00f3n de cuatro finalistas, dictamen que ser\u00e1 entregado al Consejo de Premiaci\u00f3n.<br \/>\nNayeli G\u00f3mez Castillo, Coordinadora General de Comunicaci\u00f3n Social del Gobierno del Estado de M\u00e9xico y Presidenta del Jurado Calificador, destac\u00f3 que la Gobernadora Delfina G\u00f3mez \u00c1lvarez sent\u00f3 un precedente en la edici\u00f3n 2023, reflejo de un reconocimiento plural a las personas galardonadas, el cual se hizo evidente en la confianza y respuesta del gremio period\u00edstico que participan este a\u00f1o.<br \/>\nLuego de que cada integrante del Jurado Calificador present\u00f3 sus propuestas, se realiz\u00f3 el conteo final en el que resultaron seleccionadas tres mujeres y un hombre.<br \/>\nAl respecto, el Licenciado Jes\u00fas George Zamora, Consejero Jur\u00eddico y jurado, precis\u00f3 que la paridad de g\u00e9nero busca compensar el papel de las mujeres en \u00e1mbitos mayoritariamente con presencia masculina, por lo que se cumple con este par\u00e1metro.<br \/>\nLos seleccionados son perfiles destacados y especializados en diversas ramas del periodismo, como la ciencia, investigaci\u00f3n, imagen y radio. Son finalistas con amplias trayectorias, trabajos destacados, de impacto para la entidad mexiquense y gozan de con reconocimiento nacional e internacional.<br \/>\nLos integrantes del Jurado Calificador agradecieron el apoyo y compa\u00f1erismo que se tuvo durante el proceso, adem\u00e1s de lo enriquecedor de este ejercicio, que reconoce el trabajo de las y los periodistas, destacando que todas y todos son sobresalientes, en especial las mujeres, quienes han luchado por a\u00f1os para destacar en este \u00e1mbito.<br \/>\nEn la sesi\u00f3n estuvieron presentes Bernardo Barranco Villaf\u00e1n, Director General del Sistema Mexiquense de Medios P\u00fablicos; Fabiola Gonz\u00e1lez Ceballos, Directora General de la Jornada Estado de M\u00e9xico; Crisanta Espinosa Aguilar, Corresponsal de la Agencia de Fotograf\u00eda Cuartoscuro, y Ginarely Valencia Alc\u00e1ntara, Directora General de Comunicaci\u00f3n Universitaria, en representaci\u00f3n de Carlos Eduardo Barrera D\u00edaz, Rector de la Universidad Aut\u00f3noma del Estado de M\u00e9xico.<\/p>\n","protected":false},"excerpt":{"rendered":"<div class=\"mh-excerpt\"><p>+Se realiz\u00f3 la revisi\u00f3n de los expedientes de 45 participantes y resultaron seleccionadas tres mujeres <a class=\"mh-excerpt-more\" href=\"https:\/\/foro1025.mx\/?p=32911\" title=\"Ya hay finalistas de la Presea Estado de M\u00e9xico en la categor\u00eda periodismo e informaci\u00f3n \u00abLeona Vicario\u00bb\">&#8230;<\/a><\/p>\n<\/div>","protected":false},"author":1,"featured_media":32912,"comment_status":"closed","ping_status":"closed","sticky":false,"template":"","format":"standard","meta":{"footnotes":""},"categories":[13],"tags":[],"class_list":{"0":"post-32911","1":"post","2":"type-post","3":"status-publish","4":"format-standard","5":"has-post-thumbnail","7":"category-estado-de-mexico"},"_links":{"self":[{"href":"https:\/\/foro1025.mx\/index.php?rest_route=\/wp\/v2\/posts\/32911","targetHints":{"allow":["GET"]}}],"collection":[{"href":"https:\/\/foro1025.mx\/index.php?rest_route=\/wp\/v2\/posts"}],"about":[{"href":"https:\/\/foro1025.mx\/index.php?rest_route=\/wp\/v2\/types\/post"}],"author":[{"embeddable":true,"href":"https:\/\/foro1025.mx\/index.php?rest_route=\/wp\/v2\/users\/1"}],"replies":[{"embeddable":true,"href":"https:\/\/foro1025.mx\/index.php?rest_route=%2Fwp%2Fv2%2Fcomments&post=32911"}],"version-history":[{"count":1,"href":"https:\/\/foro1025.mx\/index.php?rest_route=\/wp\/v2\/posts\/32911\/revisions"}],"predecessor-version":[{"id":32913,"href":"https:\/\/foro1025.mx\/index.php?rest_route=\/wp\/v2\/posts\/32911\/revisions\/32913"}],"wp:featuredmedia":[{"embeddable":true,"href":"https:\/\/foro1025.mx\/index.php?rest_route=\/wp\/v2\/media\/32912"}],"wp:attachment":[{"href":"https:\/\/foro1025.mx\/index.php?rest_route=%2Fwp%2Fv2%2Fmedia&parent=32911"}],"wp:term":[{"taxonomy":"category","embeddable":true,"href":"https:\/\/foro1025.mx\/index.php?rest_route=%2Fwp%2Fv2%2Fcategories&post=32911"},{"taxonomy":"post_tag","embeddable":true,"href":"https:\/\/foro1025.mx\/index.php?rest_route=%2Fwp%2Fv2%2Ftags&post=32911"}],"curies":[{"name":"wp","href":"https:\/\/api.w.org\/{rel}","templated":true}]}}