{"id":330,"date":"2016-04-11T13:14:10","date_gmt":"2016-04-11T18:14:10","guid":{"rendered":"https:\/\/foro1025.mx\/?p=330"},"modified":"2016-04-11T13:14:10","modified_gmt":"2016-04-11T18:14:10","slug":"detenido-con-arma-larga-y-probable-responsable-de-otros-ilicitos","status":"publish","type":"post","link":"https:\/\/foro1025.mx\/?p=330","title":{"rendered":"Detenido con arma larga y probable responsable de otros il\u00edcitos."},"content":{"rendered":"<div id=\"yui_3_16_0_ym19_1_1460393548253_24612\" class=\"body undoreset\" tabindex=\"0\">\n<div id=\"yui_3_16_0_ym19_1_1460393548253_24611\" class=\"email-wrapped\">\n<div id=\"yiv3842363992\">\n<div id=\"yui_3_16_0_ym19_1_1460393548253_24610\" dir=\"ltr\">\n<p id=\"yui_3_16_0_ym19_1_1460393548253_24659\" align=\"center\">\n<p id=\"yui_3_16_0_ym19_1_1460393548253_24675\"><b>Ixtapaluca, M\u00e9xico.-<\/b><span id=\"yui_3_16_0_ym19_1_1460393548253_24674\">Durante un operativo coordinado de seguridad y vigilancia en colonias del municipio de Ixtapaluca, elementos de la Comisi\u00f3n Estatal de Seguridad Ciudadana (CES) y polic\u00edas de la localidad, capturaron a un sujeto que portaba una arma de fuego larga de uso exclusivo de las fuerzas armadas, de quien adem\u00e1s se investiga su probable participaci\u00f3n en otros hechos delictivos.<\/span><\/p>\n<p><span id=\"yui_3_16_0_ym19_1_1460393548253_24677\">El implicado respondi\u00f3 al nombre de David N., de 43 a\u00f1os y fue detenido en avenida Popo, casi esquina con calle Joaqu\u00edn Amaro, de la colonia Alfredo de Mazo en Ixtapaluca, donde se le decomis\u00f3 una sub ametralladora, calibre .9mm, con cargador abastecido con 19 cartuchos \u00fatiles.<\/span><\/p>\n<p><span id=\"yui_3_16_0_ym19_1_1460393548253_24679\">Su detenci\u00f3n se realiz\u00f3 luego de que los oficiales de ambas instituciones policiales recibieran una denuncia ciudadana que los alert\u00f3 sobre la presencia sospechosa de un sujeto que ocultaba un objeto similar a un arma larga entre su ropa.<u><\/u><u><\/u><\/span><\/p>\n<p id=\"yui_3_16_0_ym19_1_1460393548253_24681\"><span id=\"yui_3_16_0_ym19_1_1460393548253_24682\">Con este antecedente, los uniformados estatales y municipales acudieron al lugar se\u00f1alado por la denunciante, donde se ubic\u00f3 a la persona que cubr\u00eda las caracter\u00edsticas proporcionadas, quien al notar la presencia policial intent\u00f3 escapar del lugar.<u><\/u><u><\/u><\/span><\/p>\n<p id=\"yui_3_16_0_ym19_1_1460393548253_24683\">De manera inmediata fue asegurado el probable responsable al descubrirle bajo su chamarra el arma de uso exclusivo de las fuerzas armadas.<\/p>\n<p><span id=\"yui_3_16_0_ym19_1_1460393548253_24686\">En las indagatorias, se supo que esta persona cuanta con antecedentes penales por el delito de homicidio, adem\u00e1s de que hace varios a\u00f1os se desempe\u00f1\u00f3 como polic\u00eda ministerial y probablemente est\u00e1 vinculado al robo a una distribuidora de pantalones en el municipio de Chalco, registrado en d\u00edas recientes.<\/span><\/p>\n<p><span id=\"yui_3_16_0_ym19_1_1460393548253_24688\">Por estos hechos el implicado fue puesto a disposici\u00f3n de la autoridad ministerial de la Procuradur\u00eda General de Justicia de la Rep\u00fablica (PGR), donde se determinar\u00e1 su situaci\u00f3n jur\u00eddica.<u><\/u><u><\/u><\/span><\/p>\n<\/div>\n<\/div>\n<\/div>\n<\/div>\n<div id=\"yui_3_16_0_ym19_1_1460393548253_24564\" class=\"tictac-att-tray-base\"><\/div>\n","protected":false},"excerpt":{"rendered":"<div class=\"mh-excerpt\"><p>Ixtapaluca, M\u00e9xico.-Durante un operativo coordinado de seguridad y vigilancia en colonias del municipio de Ixtapaluca, <a class=\"mh-excerpt-more\" href=\"https:\/\/foro1025.mx\/?p=330\" title=\"Detenido con arma larga y probable responsable de otros il\u00edcitos.\">&#8230;<\/a><\/p>\n<\/div>","protected":false},"author":1,"featured_media":0,"comment_status":"open","ping_status":"open","sticky":false,"template":"","format":"standard","meta":{"footnotes":""},"categories":[13,9],"tags":[],"class_list":{"0":"post-330","1":"post","2":"type-post","3":"status-publish","4":"format-standard","6":"category-estado-de-mexico","7":"category-seguridad"},"_links":{"self":[{"href":"https:\/\/foro1025.mx\/index.php?rest_route=\/wp\/v2\/posts\/330","targetHints":{"allow":["GET"]}}],"collection":[{"href":"https:\/\/foro1025.mx\/index.php?rest_route=\/wp\/v2\/posts"}],"about":[{"href":"https:\/\/foro1025.mx\/index.php?rest_route=\/wp\/v2\/types\/post"}],"author":[{"embeddable":true,"href":"https:\/\/foro1025.mx\/index.php?rest_route=\/wp\/v2\/users\/1"}],"replies":[{"embeddable":true,"href":"https:\/\/foro1025.mx\/index.php?rest_route=%2Fwp%2Fv2%2Fcomments&post=330"}],"version-history":[{"count":1,"href":"https:\/\/foro1025.mx\/index.php?rest_route=\/wp\/v2\/posts\/330\/revisions"}],"predecessor-version":[{"id":332,"href":"https:\/\/foro1025.mx\/index.php?rest_route=\/wp\/v2\/posts\/330\/revisions\/332"}],"wp:attachment":[{"href":"https:\/\/foro1025.mx\/index.php?rest_route=%2Fwp%2Fv2%2Fmedia&parent=330"}],"wp:term":[{"taxonomy":"category","embeddable":true,"href":"https:\/\/foro1025.mx\/index.php?rest_route=%2Fwp%2Fv2%2Fcategories&post=330"},{"taxonomy":"post_tag","embeddable":true,"href":"https:\/\/foro1025.mx\/index.php?rest_route=%2Fwp%2Fv2%2Ftags&post=330"}],"curies":[{"name":"wp","href":"https:\/\/api.w.org\/{rel}","templated":true}]}}