{"id":33033,"date":"2025-01-30T18:04:55","date_gmt":"2025-01-31T00:04:55","guid":{"rendered":"https:\/\/foro1025.mx\/?p=33033"},"modified":"2025-02-05T18:06:32","modified_gmt":"2025-02-06T00:06:32","slug":"fiscalizacion-aliada-en-la-rendicion-de-cuentas-liliana-davalos","status":"publish","type":"post","link":"https:\/\/foro1025.mx\/?p=33033","title":{"rendered":"Fiscalizaci\u00f3n, aliada en la rendici\u00f3n de cuentas: Liliana D\u00e1valos"},"content":{"rendered":"<p class=\"p1\">La fiscalizaci\u00f3n ser\u00e1 una aliada en la rendici\u00f3n de cuentas, para que los gobiernos municipales muestren el cumplimiento de la misi\u00f3n para la que fueron creados y su eficacia en el otorgamiento de los servicios p\u00fablicos, sostuvo Liliana D\u00e1valos Ham, titular del \u00d3rgano Superior de Fiscalizaci\u00f3n del Estado de M\u00e9xico (OSFEM), por lo que exhort\u00f3 a las y los alcaldes municipales a trabajar juntos y sumar esfuerzos y capacidades institucionales.<\/p>\n<p class=\"p1\">Durante el encuentro con presidentas y presidentes municipales del Estado de M\u00e9xico, y en presencia de los diputados Maurilio Hern\u00e1ndez Gonz\u00e1lez y Jos\u00e9 Francisco V\u00e1zquez Rodr\u00edguez, presidentes de la Directiva y de la Junta de Coordinaci\u00f3n Pol\u00edtica de la LXII Legislatura mexiquense, la auditora superior enfatiz\u00f3 que la fiscalizaci\u00f3n permitir\u00e1 otorgar informaci\u00f3n externa e independiente de las \u00e1reas de oportunidad, pero, sobre todo, detectar\u00e1 posibles errores o irregularidades en el servicio p\u00fablico para la mejora continua de la gesti\u00f3n gubernamental.<\/p>\n<p class=\"p1\">Ante la legisladora Arleth Stephanie Grimaldo Osorio (morena), presidenta de la Comisi\u00f3n de Vigilancia del \u00d3rgano Superior de Fiscalizaci\u00f3n, Liliana D\u00e1valos asegur\u00f3 que los esfuerzos coordinados permitir\u00e1n que la entidad sea un referente en la rendici\u00f3n de cuentas y que los recursos p\u00fablicos sean destinados a atender las necesidades ciudadanas, y se comprometi\u00f3 a mejorar los procesos de fiscalizaci\u00f3n, optimizar la entrega de informaci\u00f3n, elevar la comunicaci\u00f3n y combatir actos de corrupci\u00f3n.<\/p>\n<p class=\"p1\">En esta reuni\u00f3n, personas auditoras especiales y titulares de unidades del OSFEM compartieron con las y los alcaldes algunos aspectos sobre las obligaciones peri\u00f3dicas que las administraciones municipales deben atender.<\/p>\n<p class=\"p1\">Con el tema \u201cCuenta P\u00fablica: eje rector de la fiscalizaci\u00f3n\u201d, Gloria Leticia Nolasco V\u00e1zquez, auditora superior de Revisi\u00f3n de Informaci\u00f3n de las Entidades Fiscalizables del OSFEM, expuso que la cuenta p\u00fablica es el insumo y la base m\u00e1s importante para la fiscalizaci\u00f3n, pues plasma c\u00f3mo las entidades fiscalizables ejecutaron su gasto y si llegaron a los objetivos, adem\u00e1s permite comprobar que cumplieron lo que se programaron.<\/p>\n<p class=\"p1\">Javier L\u00f3pez P\u00e9rez, auditor especial de Desempe\u00f1o y Legalidad, desarroll\u00f3 el tema \u201cMitos y realidades de la auditor\u00eda municipal\u201d, en el que exhort\u00f3 a dejar atr\u00e1s la idea de que su pr\u00e1ctica es contraproducente para los municipios, ya que brinda opiniones t\u00e9cnicas e imparciales que genera a las autoridades informaci\u00f3n \u00fatil, oportuna y de impacto, para la mejor toma de decisiones de las y los alcaldes, adem\u00e1s de que no se fiscaliza a las personas, sino que verifica y corrobora la informaci\u00f3n de procesos sustantivos.<\/p>\n<p class=\"p1\">Al hablar de los \u201cRiesgos y resultados de las inversiones y el gasto p\u00fablico\u201d, Jaime Enrique Perdig\u00f3n Nieto, titular de la Auditor\u00eda Especial de Cumplimiento Financiero e Inversi\u00f3n F\u00edsica\u201d, record\u00f3 que las observaciones m\u00e1s relevantes en materia de inversiones f\u00edsicas han sido las carencias en sus etapas de planeaci\u00f3n, con la falta de proyectos ejecutivos o la adjudicaci\u00f3n con irregularidades en el procedimiento administrativo, y obras pagadas no ejecutadas o inoperantes; mientras que en gasto p\u00fablico, fueron la adquisici\u00f3n de deuda y montos superiores a los aprobados por la ley e incumplimiento a las excepciones de licitaci\u00f3n.<\/p>\n<p class=\"p1\">Luis Ignacio Sierra Villa, titular de la Unidad de Seguimiento, explic\u00f3 \u201cEl por qu\u00e9 y para qu\u00e9 de la atenci\u00f3n a las acciones emitidas en los actos de fiscalizaci\u00f3n\u201d, en el cual se\u00f1al\u00f3 que las entidades fiscalizadas tienen el derecho de aclarar el contenido de las observaciones, para prevenir posibles responsabilidades administrativas al margen de que se trate de una administraci\u00f3n anterior y el seguimiento a recomendaciones es una oportunidad de mejora.<\/p>\n<p class=\"p1\">De la Unidad de Investigaci\u00f3n, Armando Molina Franco expuso el tema \u201cDe las faltas administrativas y sus sanciones por no actuar conforme al marco normativo\u201d, en el que detall\u00f3 la l\u00ednea del tiempo en la que interviene el \u00e1rea, con el fin de detectar presuntos responsables y en donde los municipios est\u00e1n obligados a proporcionar informaci\u00f3n solicitada para evitar incurrir en desacato.<\/p>\n<p class=\"p1\">Mar\u00eda Dolores Ju\u00e1rez Flores, titular de la Unidad de Asuntos Jur\u00eddicos, abord\u00f3 el tema \u201cAspectos jur\u00eddicos relevantes\u201d, en el que puntualiz\u00f3 que, en el servicio p\u00fablico, las personas est\u00e1n sujetas al principio de administraci\u00f3n p\u00fablica y el de legalidad.<span class=\"Apple-converted-space\">\u00a0 <\/span>Adem\u00e1s, alert\u00f3 que, por ejemplo, en el nombramiento de personas titulares \u2013 en tesorer\u00edas o en \u00e1reas de obras p\u00fablicas\u2013 la Ley Org\u00e1nica Municipal pide que cumplan los perfiles, pues, de no hacerlo, hay una contravenci\u00f3n de la norma y resultar\u00ed en un actuar viciado.<\/p>\n<p class=\"p1\">Con \u201cMedios digitales para la fiscalizaci\u00f3n Superior\u201d, Ulises Iv\u00e1n Lovera Villegas, titular de la Unidad de Tecnolog\u00edas de la Informaci\u00f3n y la Comunicaci\u00f3n, record\u00f3 que el OSFEM cuenta con la plataforma digital y la firma electr\u00f3nica avanzada, cuyo prop\u00f3sito es facilitar los actos de fiscalizaci\u00f3n y eficientar los recursos financieros y humanos, para contribuir al ejercicio racional y austero de los recursos p\u00fablicos.<\/p>\n","protected":false},"excerpt":{"rendered":"<div class=\"mh-excerpt\"><p>La fiscalizaci\u00f3n ser\u00e1 una aliada en la rendici\u00f3n de cuentas, para que los gobiernos municipales <a class=\"mh-excerpt-more\" href=\"https:\/\/foro1025.mx\/?p=33033\" title=\"Fiscalizaci\u00f3n, aliada en la rendici\u00f3n de cuentas: Liliana D\u00e1valos\">&#8230;<\/a><\/p>\n<\/div>","protected":false},"author":1,"featured_media":33034,"comment_status":"closed","ping_status":"closed","sticky":false,"template":"","format":"standard","meta":{"footnotes":""},"categories":[22],"tags":[],"class_list":{"0":"post-33033","1":"post","2":"type-post","3":"status-publish","4":"format-standard","5":"has-post-thumbnail","7":"category-diputados"},"_links":{"self":[{"href":"https:\/\/foro1025.mx\/index.php?rest_route=\/wp\/v2\/posts\/33033","targetHints":{"allow":["GET"]}}],"collection":[{"href":"https:\/\/foro1025.mx\/index.php?rest_route=\/wp\/v2\/posts"}],"about":[{"href":"https:\/\/foro1025.mx\/index.php?rest_route=\/wp\/v2\/types\/post"}],"author":[{"embeddable":true,"href":"https:\/\/foro1025.mx\/index.php?rest_route=\/wp\/v2\/users\/1"}],"replies":[{"embeddable":true,"href":"https:\/\/foro1025.mx\/index.php?rest_route=%2Fwp%2Fv2%2Fcomments&post=33033"}],"version-history":[{"count":1,"href":"https:\/\/foro1025.mx\/index.php?rest_route=\/wp\/v2\/posts\/33033\/revisions"}],"predecessor-version":[{"id":33035,"href":"https:\/\/foro1025.mx\/index.php?rest_route=\/wp\/v2\/posts\/33033\/revisions\/33035"}],"wp:featuredmedia":[{"embeddable":true,"href":"https:\/\/foro1025.mx\/index.php?rest_route=\/wp\/v2\/media\/33034"}],"wp:attachment":[{"href":"https:\/\/foro1025.mx\/index.php?rest_route=%2Fwp%2Fv2%2Fmedia&parent=33033"}],"wp:term":[{"taxonomy":"category","embeddable":true,"href":"https:\/\/foro1025.mx\/index.php?rest_route=%2Fwp%2Fv2%2Fcategories&post=33033"},{"taxonomy":"post_tag","embeddable":true,"href":"https:\/\/foro1025.mx\/index.php?rest_route=%2Fwp%2Fv2%2Ftags&post=33033"}],"curies":[{"name":"wp","href":"https:\/\/api.w.org\/{rel}","templated":true}]}}