{"id":33697,"date":"2025-03-19T19:01:37","date_gmt":"2025-03-20T01:01:37","guid":{"rendered":"https:\/\/foro1025.mx\/?p=33697"},"modified":"2025-03-21T19:11:04","modified_gmt":"2025-03-22T01:11:04","slug":"las-mujeres-estamos-aqui-para-transformar-el-poder-juanita-carrillo-en-el-foro-mujeres-en-e","status":"publish","type":"post","link":"https:\/\/foro1025.mx\/?p=33697","title":{"rendered":"\u00abLas mujeres estamos aqu\u00ed para transformar el poder\u00bb :  Juanita Carrillo en el foro \u00abMujeres en el Poder\u00bb"},"content":{"rendered":"<p class=\"p1\">Cuautitl\u00e1n.- \u201cEstoy decidida a cambiar la forma y el fondo del quehacer pol\u00edtico, porque ser mujer en el poder no deber\u00eda implicar demostrar todos los d\u00edas que somos capaces de ejercer el cargo\u201d, afirm\u00f3 la presidenta municipal de Cuautitl\u00e1n, Juanita Carrillo, durante su participaci\u00f3n en el primer foro \u201cMujeres en el Poder\u201d.<\/p>\n<p class=\"p1\">En un evento que reuni\u00f3 a mujeres l\u00edderes de distintos \u00e1mbitos, Carrillo destac\u00f3 la necesidad de erradicar las barreras que hist\u00f3ricamente han limitado la participaci\u00f3n de las mujeres en la pol\u00edtica y en la toma de decisiones. Acompa\u00f1ada de figuras como Mariela Guti\u00e9rrez, senadora de la Rep\u00fablica; Maiella G\u00f3mez Maldonado, M\u00f3nica Sandoval y Tania Nanette, diputadas federales; Michelle N\u00fa\u00f1ez Ponce, presidenta municipal de Valle de Bravo; Kena Moreno y Eufrosina Cruz Mendoza, activistas por los derechos de las mujeres, as\u00ed como Patricia C\u00e1rdenas, directora del Instituto de las Mujeres de Aguascalientes, y Liliana Bravo Mena, representante de la AMEXME, la presidenta municipal comparti\u00f3 su testimonio de lucha y superaci\u00f3n.<\/p>\n<p class=\"p1\">Asimismo, hizo un llamado a la unidad de las mujeres en la pol\u00edtica, m\u00e1s all\u00e1 de los colores partidistas. \u201cSer mujer no tiene que ver con un color. Los partidos no deben ser un obst\u00e1culo para que avancemos juntas\u201d, se\u00f1al\u00f3, al tiempo que subray\u00f3 que la toma de decisiones sigue dominada por los hombres en todos los niveles de gobierno.<\/p>\n<p class=\"p1\">Para la presidenta de Cuautitl\u00e1n, la educaci\u00f3n es la clave para que las mujeres accedan a mejores oportunidades y ejerzan sus derechos. \u201cLo que queremos es que a las nuevas generaciones de mujeres les cueste menos de lo que nos cost\u00f3 a nosotras\u201d, afirm\u00f3.<\/p>\n<p class=\"p1\">Juanita Carrillo adelant\u00f3 que su administraci\u00f3n implementar\u00e1 cambios profundos en el municipio, con el compromiso de generar condiciones m\u00e1s justas para las mujeres. \u201cPronto sabr\u00e1n de los cambios de forma y fondo que se dar\u00e1n en Cuautitl\u00e1n\u201d, asegur\u00f3.<\/p>\n<p class=\"p1\">El foro \u201cMujeres en el Poder\u201d se consolid\u00f3 como un espacio de reflexi\u00f3n y construcci\u00f3n de redes entre mujeres que hoy lideran y transforman M\u00e9xico.<\/p>\n<p class=\"p1\">Con un mensaje claro de unidad y fortaleza, Juanita Carrillo cerr\u00f3 su intervenci\u00f3n reafirmando su compromiso con la lucha feminista: \u201cLas mujeres estamos aqu\u00ed para quedarnos y para seguir abriendo camino a quienes vienen detr\u00e1s\u201d.<\/p>\n","protected":false},"excerpt":{"rendered":"<div class=\"mh-excerpt\"><p>Cuautitl\u00e1n.- \u201cEstoy decidida a cambiar la forma y el fondo del quehacer pol\u00edtico, porque ser <a class=\"mh-excerpt-more\" href=\"https:\/\/foro1025.mx\/?p=33697\" title=\"\u00abLas mujeres estamos aqu\u00ed para transformar el poder\u00bb :  Juanita Carrillo en el foro \u00abMujeres en el Poder\u00bb\">&#8230;<\/a><\/p>\n<\/div>","protected":false},"author":1,"featured_media":33698,"comment_status":"closed","ping_status":"closed","sticky":false,"template":"","format":"standard","meta":{"footnotes":""},"categories":[40],"tags":[],"class_list":{"0":"post-33697","1":"post","2":"type-post","3":"status-publish","4":"format-standard","5":"has-post-thumbnail","7":"category-cuautitlan-mexico"},"_links":{"self":[{"href":"https:\/\/foro1025.mx\/index.php?rest_route=\/wp\/v2\/posts\/33697","targetHints":{"allow":["GET"]}}],"collection":[{"href":"https:\/\/foro1025.mx\/index.php?rest_route=\/wp\/v2\/posts"}],"about":[{"href":"https:\/\/foro1025.mx\/index.php?rest_route=\/wp\/v2\/types\/post"}],"author":[{"embeddable":true,"href":"https:\/\/foro1025.mx\/index.php?rest_route=\/wp\/v2\/users\/1"}],"replies":[{"embeddable":true,"href":"https:\/\/foro1025.mx\/index.php?rest_route=%2Fwp%2Fv2%2Fcomments&post=33697"}],"version-history":[{"count":2,"href":"https:\/\/foro1025.mx\/index.php?rest_route=\/wp\/v2\/posts\/33697\/revisions"}],"predecessor-version":[{"id":33700,"href":"https:\/\/foro1025.mx\/index.php?rest_route=\/wp\/v2\/posts\/33697\/revisions\/33700"}],"wp:featuredmedia":[{"embeddable":true,"href":"https:\/\/foro1025.mx\/index.php?rest_route=\/wp\/v2\/media\/33698"}],"wp:attachment":[{"href":"https:\/\/foro1025.mx\/index.php?rest_route=%2Fwp%2Fv2%2Fmedia&parent=33697"}],"wp:term":[{"taxonomy":"category","embeddable":true,"href":"https:\/\/foro1025.mx\/index.php?rest_route=%2Fwp%2Fv2%2Fcategories&post=33697"},{"taxonomy":"post_tag","embeddable":true,"href":"https:\/\/foro1025.mx\/index.php?rest_route=%2Fwp%2Fv2%2Ftags&post=33697"}],"curies":[{"name":"wp","href":"https:\/\/api.w.org\/{rel}","templated":true}]}}