{"id":33845,"date":"2025-03-24T14:28:26","date_gmt":"2025-03-24T20:28:26","guid":{"rendered":"https:\/\/foro1025.mx\/?p=33845"},"modified":"2025-04-07T14:30:05","modified_gmt":"2025-04-07T20:30:05","slug":"gobierno-de-cuautitlan-izcalli-y-medio-ambiente-estatal-realizan-recorrido-de-supervision-por-tersa-del-golfo-acuerdan-acciones-para-mejorar-su-operacion","status":"publish","type":"post","link":"https:\/\/foro1025.mx\/?p=33845","title":{"rendered":"Gobierno de Cuautitl\u00e1n Izcalli y medio ambiente estatal realizan recorrido de supervisi\u00f3n por Tersa del Golfo; acuerdan acciones para mejorar su operaci\u00f3n"},"content":{"rendered":"<p class=\"p1\">El Presidente Municipal, Daniel Serrano, junto con la Secretar\u00eda de Medio Ambiente estatal, Alhely Rubio Arronis, realizaron un recorrido por el relleno sanitario Tersa del Golfo, a fin de revisar los protocolos en la disposici\u00f3n final de residuos, as\u00ed como supervisar que cuenten con la documentaci\u00f3n correspondiente.<\/p>\n<p class=\"p1\">Adem\u00e1s de verificar de manera personal la operaci\u00f3n de este espacio, los funcionarios municipales y estatales tambi\u00e9n revisaron la vigencia de la certificaci\u00f3n con que cuenta esta empresa, as\u00ed como su manifestaci\u00f3n de impacto ambiental.<\/p>\n<p class=\"p1\">Tras recorrer las celdas y las lagunas de lixiviados, Daniel Serrano inform\u00f3 que se detect\u00f3 una anomal\u00eda respecto a la norma NOM-083-Semarnat-2003, la cual establece el control de la dispersi\u00f3n de materiales ligeros, la fauna nociva y la infiltraci\u00f3n pluvial, adem\u00e1s de que los residuos deben ser cubiertos en un lapso menor a 24 horas posteriores a su dep\u00f3sito, disposici\u00f3n en la que se deben observar algunos criterios y protocolos por parte de la empresa, a fin de dar cabal cumplimiento.<\/p>\n<p class=\"p1\">Daniel Serrano, quien estuvo acompa\u00f1ado de la Directora de Sustentabilidad y Medio Ambiente, Lily Marlene Ch\u00e1vez Campuzano, puntualiz\u00f3 que entre lo acordado con los representantes de Tersa del Golfo, encabezados por Alejandro Guerrero, la empresa se comprometi\u00f3 a mejorar los recubrimientos de las celdas, teniendo como plazo hasta el mes de mayo.<\/p>\n<p class=\"p1\">Aunado a ello, se comprometieron a construir una barrera f\u00edsica en la zona de lixiviados; adelantar los an\u00e1lisis de sus estudios a cada tres meses; realizar un tercer an\u00e1lisis de agua, con un laboratorio propuesto por la autoridad municipal; compactar y estabilizar el talud visible a la poblaci\u00f3n; as\u00ed como llevar a cabo una jornada de esterilizaci\u00f3n de fauna que se encuentra en el lugar.<\/p>\n<p class=\"p1\">La Secretaria de Medio Ambiente, Alhely Rubio refiri\u00f3 que el gobierno estatal se mantendr\u00e1 atento de que dichos acuerdos se cumplan en el plazo acordado (la primera semana de junio), para posteriormente realizar una nueva visita y verificar que la empresa est\u00e1 llevando a cabo las mejoras, procurando siempre el impacto ambiental y el bienestar de la poblaci\u00f3n que habita en las comunidades aleda\u00f1as.<\/p>\n<p class=\"p1\">Agreg\u00f3 que se estar\u00e1 trabajando de manera conjunta con el Ayuntamiento local, en \u00e9sta y otras acciones, a fin de generar las condiciones ambientales que las familias izcallenses merecen.<\/p>\n","protected":false},"excerpt":{"rendered":"<div class=\"mh-excerpt\"><p>El Presidente Municipal, Daniel Serrano, junto con la Secretar\u00eda de Medio Ambiente estatal, Alhely Rubio <a class=\"mh-excerpt-more\" href=\"https:\/\/foro1025.mx\/?p=33845\" title=\"Gobierno de Cuautitl\u00e1n Izcalli y medio ambiente estatal realizan recorrido de supervisi\u00f3n por Tersa del Golfo; acuerdan acciones para mejorar su operaci\u00f3n\">&#8230;<\/a><\/p>\n<\/div>","protected":false},"author":1,"featured_media":33846,"comment_status":"closed","ping_status":"closed","sticky":false,"template":"","format":"standard","meta":{"footnotes":""},"categories":[29],"tags":[],"class_list":{"0":"post-33845","1":"post","2":"type-post","3":"status-publish","4":"format-standard","5":"has-post-thumbnail","7":"category-cuautitlan-izcalli"},"_links":{"self":[{"href":"https:\/\/foro1025.mx\/index.php?rest_route=\/wp\/v2\/posts\/33845","targetHints":{"allow":["GET"]}}],"collection":[{"href":"https:\/\/foro1025.mx\/index.php?rest_route=\/wp\/v2\/posts"}],"about":[{"href":"https:\/\/foro1025.mx\/index.php?rest_route=\/wp\/v2\/types\/post"}],"author":[{"embeddable":true,"href":"https:\/\/foro1025.mx\/index.php?rest_route=\/wp\/v2\/users\/1"}],"replies":[{"embeddable":true,"href":"https:\/\/foro1025.mx\/index.php?rest_route=%2Fwp%2Fv2%2Fcomments&post=33845"}],"version-history":[{"count":1,"href":"https:\/\/foro1025.mx\/index.php?rest_route=\/wp\/v2\/posts\/33845\/revisions"}],"predecessor-version":[{"id":33847,"href":"https:\/\/foro1025.mx\/index.php?rest_route=\/wp\/v2\/posts\/33845\/revisions\/33847"}],"wp:featuredmedia":[{"embeddable":true,"href":"https:\/\/foro1025.mx\/index.php?rest_route=\/wp\/v2\/media\/33846"}],"wp:attachment":[{"href":"https:\/\/foro1025.mx\/index.php?rest_route=%2Fwp%2Fv2%2Fmedia&parent=33845"}],"wp:term":[{"taxonomy":"category","embeddable":true,"href":"https:\/\/foro1025.mx\/index.php?rest_route=%2Fwp%2Fv2%2Fcategories&post=33845"},{"taxonomy":"post_tag","embeddable":true,"href":"https:\/\/foro1025.mx\/index.php?rest_route=%2Fwp%2Fv2%2Ftags&post=33845"}],"curies":[{"name":"wp","href":"https:\/\/api.w.org\/{rel}","templated":true}]}}