{"id":34619,"date":"2025-06-05T02:54:36","date_gmt":"2025-06-05T08:54:36","guid":{"rendered":"https:\/\/foro1025.mx\/?p=34619"},"modified":"2025-06-11T02:57:14","modified_gmt":"2025-06-11T08:57:14","slug":"conmemora-gobierno-de-atizapan-de-zaragoza-dia-mundial-del-medio-ambiente-con-exposicion-ambiental-el-gobierno-de-atizapan-de-zaragoza-celebra-el-dia-mundial-del-medio-ambiente-con-una-exposicion-amb","status":"publish","type":"post","link":"https:\/\/foro1025.mx\/?p=34619","title":{"rendered":"Conmemora gobierno de Atizap\u00e1n de Zaragoza D\u00eda Mundial del medio ambiente con exposici\u00f3n ambiental el gobierno de Atizap\u00e1n de Zaragoza, celebra el D\u00eda Mundial del Medio Ambiente con una exposici\u00f3n ambiental"},"content":{"rendered":"<p class=\"p1\">En el marco del D\u00eda Mundial del Medio Ambiente, el Gobierno de Atizap\u00e1n de Zaragoza, que encabeza el Presidente Municipal, Pedro Rodr\u00edguez Villegas, reafirm\u00f3 su compromiso inquebrantable con la protecci\u00f3n y preservaci\u00f3n de nuestro entorno a trav\u00e9s de una magna celebraci\u00f3n en la explanada municipal.<\/p>\n<p class=\"p1\">El evento, organizado por la Coordinaci\u00f3n de Protecci\u00f3n Civil, Bomberos y Medio Ambiente de Atizap\u00e1n, a cargo del Comandante H\u00e9ctor Elorriaga Mej\u00eda, reuni\u00f3 a regidores, directores de la administraci\u00f3n, as\u00ed como a estudiantes de escuelas invitadas y al p\u00fablico en general, creando un frente com\u00fan por una misma causa: el cuidado de nuestro planeta.<\/p>\n<p class=\"p1\">Tras los mensajes de concientizaci\u00f3n por parte de las autoridades, se realiz\u00f3 el tradicional corte de list\u00f3n para inaugurar la \u00abExpo del Medio Ambiente\u00bb. En esta muestra participaron diversos expositores con temas cruciales relacionados con el reciclaje, el ahorro de agua, energ\u00edas limpias y la conservaci\u00f3n de la biodiversidad, ofreciendo a los asistentes informaci\u00f3n valiosa para aplicar en su vida diaria.<\/p>\n<p class=\"p1\">Es fundamental destacar que para el gobierno del Presidente Pedro Rodr\u00edguez Villegas, el cuidado del medio ambiente no es solo una celebraci\u00f3n anual, sino una tarea y una pol\u00edtica fundamental de su administraci\u00f3n. Este compromiso se ha demostrado con acciones concretas que benefician directamente la calidad de vida de las familias atizapenses.<\/p>\n<p class=\"p1\">Entre estas acciones se encuentra la hist\u00f3rica recuperaci\u00f3n ecol\u00f3gica de la Presa Mad\u00edn, un proyecto que ha devuelto la vida a uno de los cuerpos de agua m\u00e1s importantes de la regi\u00f3n. Asimismo, esta administraci\u00f3n ha sido pionera en estipular sanciones m\u00e1s severas para quienes, con sus acciones, deterioren o contaminen el entorno natural de Atizap\u00e1n de Zaragoza, enviando un mensaje claro de cero tolerancia al da\u00f1o ambiental.<\/p>\n<p class=\"p1\">El evento de hoy es un recordatorio de que la colaboraci\u00f3n entre gobierno y ciudadan\u00eda es la clave para garantizar un futuro m\u00e1s verde y sostenible para las pr\u00f3ximas generaciones en nuestro municipio.<\/p>\n","protected":false},"excerpt":{"rendered":"<div class=\"mh-excerpt\"><p>En el marco del D\u00eda Mundial del Medio Ambiente, el Gobierno de Atizap\u00e1n de Zaragoza, <a class=\"mh-excerpt-more\" href=\"https:\/\/foro1025.mx\/?p=34619\" title=\"Conmemora gobierno de Atizap\u00e1n de Zaragoza D\u00eda Mundial del medio ambiente con exposici\u00f3n ambiental el gobierno de Atizap\u00e1n de Zaragoza, celebra el D\u00eda Mundial del Medio Ambiente con una exposici\u00f3n ambiental\">&#8230;<\/a><\/p>\n<\/div>","protected":false},"author":1,"featured_media":34620,"comment_status":"closed","ping_status":"closed","sticky":false,"template":"","format":"standard","meta":{"footnotes":""},"categories":[1],"tags":[],"class_list":{"0":"post-34619","1":"post","2":"type-post","3":"status-publish","4":"format-standard","5":"has-post-thumbnail","7":"category-atizapan"},"_links":{"self":[{"href":"https:\/\/foro1025.mx\/index.php?rest_route=\/wp\/v2\/posts\/34619","targetHints":{"allow":["GET"]}}],"collection":[{"href":"https:\/\/foro1025.mx\/index.php?rest_route=\/wp\/v2\/posts"}],"about":[{"href":"https:\/\/foro1025.mx\/index.php?rest_route=\/wp\/v2\/types\/post"}],"author":[{"embeddable":true,"href":"https:\/\/foro1025.mx\/index.php?rest_route=\/wp\/v2\/users\/1"}],"replies":[{"embeddable":true,"href":"https:\/\/foro1025.mx\/index.php?rest_route=%2Fwp%2Fv2%2Fcomments&post=34619"}],"version-history":[{"count":1,"href":"https:\/\/foro1025.mx\/index.php?rest_route=\/wp\/v2\/posts\/34619\/revisions"}],"predecessor-version":[{"id":34621,"href":"https:\/\/foro1025.mx\/index.php?rest_route=\/wp\/v2\/posts\/34619\/revisions\/34621"}],"wp:featuredmedia":[{"embeddable":true,"href":"https:\/\/foro1025.mx\/index.php?rest_route=\/wp\/v2\/media\/34620"}],"wp:attachment":[{"href":"https:\/\/foro1025.mx\/index.php?rest_route=%2Fwp%2Fv2%2Fmedia&parent=34619"}],"wp:term":[{"taxonomy":"category","embeddable":true,"href":"https:\/\/foro1025.mx\/index.php?rest_route=%2Fwp%2Fv2%2Fcategories&post=34619"},{"taxonomy":"post_tag","embeddable":true,"href":"https:\/\/foro1025.mx\/index.php?rest_route=%2Fwp%2Fv2%2Ftags&post=34619"}],"curies":[{"name":"wp","href":"https:\/\/api.w.org\/{rel}","templated":true}]}}