{"id":35342,"date":"2025-07-31T21:50:26","date_gmt":"2025-08-01T03:50:26","guid":{"rendered":"https:\/\/foro1025.mx\/?p=35342"},"modified":"2025-07-31T21:50:26","modified_gmt":"2025-08-01T03:50:26","slug":"escuelas-dignas-y-seguras-arranca-plan-educativo-de-infraestructura-en-cuautitlan","status":"publish","type":"post","link":"https:\/\/foro1025.mx\/?p=35342","title":{"rendered":"Escuelas dignas y seguras: Arranca plan educativo de infraestructura en Cuautitl\u00e1n"},"content":{"rendered":"<p class=\"p1\">El Gobierno de Cuautitl\u00e1n dio inicio a los trabajos para la instalaci\u00f3n de un arcotecho en la Escuela Primaria Jes\u00fas Reyes Heroles, en una acci\u00f3n que reafirma el compromiso de la presidenta municipal Juanita Carrillo con la mejora de la infraestructura educativa del municipio. Este es el segundo arcotecho iniciado en este d\u00eda, luego del arranque de obra en la primaria Sor Juana In\u00e9s de la Cruz, en la comunidad de Cebadales.<\/p>\n<p class=\"p1\">Durante el acto protocolario, el director de Obras P\u00fablicas explic\u00f3 que esta construcci\u00f3n inicia con el trazo y nivelaci\u00f3n con equipo topogr\u00e1fico, seguido del corte del piso existente, excavaciones de zapatas aisladas de 1.50 x 1.50 metros y la colocaci\u00f3n de estructura met\u00e1lica compuesta por columnas, vigas y l\u00e1minas curvas que brindar\u00e1n sombra y protecci\u00f3n a las y los estudiantes. Adem\u00e1s, la obra incluir\u00e1 instalaci\u00f3n el\u00e9ctrica, iluminaci\u00f3n, pintura y se\u00f1alizaci\u00f3n para garantizar un espacio funcional, digno y seguro.<\/p>\n<p class=\"p1\">En su mensaje, la presidenta municipal Juanita Carrillo expres\u00f3 su entusiasmo por seguir cumpliendo compromisos con el sector educativo:<\/p>\n<p class=\"p1\">\u201cTodas las escuelas de Cuautitl\u00e1n tendr\u00e1n acciones de nuestro gobierno. Tenemos un plan estrat\u00e9gico en coordinaci\u00f3n con la Direcci\u00f3n de Educaci\u00f3n, porque creemos firmemente que nuestros ni\u00f1os, adolescentes y j\u00f3venes deben estudiar en espacios dignos\u201d, se\u00f1al\u00f3.<\/p>\n<p class=\"p1\">Tambi\u00e9n anunci\u00f3 que en los pr\u00f3ximos dos a\u00f1os cinco meses de administraci\u00f3n, su meta es construir al menos 20 arcotechos m\u00e1s en escuelas del municipio, esfuerzo que se respaldar\u00e1 con recursos gestionados a nivel municipal, estatal y federal.<\/p>\n<p class=\"p1\">Durante su intervenci\u00f3n, la alcaldesa inform\u00f3 que Cuautitl\u00e1n contar\u00e1 pr\u00f3ximamente con un plantel del Conalep, para fortalecer la educaci\u00f3n media superior en el municipio, adem\u00e1s de que se reactivar\u00e1 la preparatoria de Jaltip\u00e1n en beneficio de cientos de j\u00f3venes.<\/p>\n<p class=\"p1\">En materia de seguridad, instruy\u00f3 la instalaci\u00f3n de c\u00e1maras de videovigilancia del C4 en la zona escolar, para reforzar la protecci\u00f3n de los estudiantes y padres de familia:<\/p>\n<p class=\"p1\">\u201cLa seguridad tambi\u00e9n empieza por cuidar nuestras escuelas. Vamos a colocar una c\u00e1mara para monitorear en tiempo real esta \u00e1rea y brindar mayor tranquilidad a la comunidad educativa\u201d, subray\u00f3.<\/p>\n<p class=\"p1\">Finalmente, la presidenta propuso reforestar y embellecer el espacio escolar con la plantaci\u00f3n de \u00e1rboles y apoyo en pintura, para que el plantel reciba en condiciones<span class=\"Apple-converted-space\">\u00a0 <\/span>dignas a los estudiantes en el pr\u00f3ximo ciclo escolar.<\/p>\n","protected":false},"excerpt":{"rendered":"<div class=\"mh-excerpt\"><p>El Gobierno de Cuautitl\u00e1n dio inicio a los trabajos para la instalaci\u00f3n de un arcotecho <a class=\"mh-excerpt-more\" href=\"https:\/\/foro1025.mx\/?p=35342\" title=\"Escuelas dignas y seguras: Arranca plan educativo de infraestructura en Cuautitl\u00e1n\">&#8230;<\/a><\/p>\n<\/div>","protected":false},"author":1,"featured_media":35343,"comment_status":"closed","ping_status":"closed","sticky":false,"template":"","format":"standard","meta":{"footnotes":""},"categories":[40],"tags":[],"class_list":{"0":"post-35342","1":"post","2":"type-post","3":"status-publish","4":"format-standard","5":"has-post-thumbnail","7":"category-cuautitlan-mexico"},"_links":{"self":[{"href":"https:\/\/foro1025.mx\/index.php?rest_route=\/wp\/v2\/posts\/35342","targetHints":{"allow":["GET"]}}],"collection":[{"href":"https:\/\/foro1025.mx\/index.php?rest_route=\/wp\/v2\/posts"}],"about":[{"href":"https:\/\/foro1025.mx\/index.php?rest_route=\/wp\/v2\/types\/post"}],"author":[{"embeddable":true,"href":"https:\/\/foro1025.mx\/index.php?rest_route=\/wp\/v2\/users\/1"}],"replies":[{"embeddable":true,"href":"https:\/\/foro1025.mx\/index.php?rest_route=%2Fwp%2Fv2%2Fcomments&post=35342"}],"version-history":[{"count":1,"href":"https:\/\/foro1025.mx\/index.php?rest_route=\/wp\/v2\/posts\/35342\/revisions"}],"predecessor-version":[{"id":35344,"href":"https:\/\/foro1025.mx\/index.php?rest_route=\/wp\/v2\/posts\/35342\/revisions\/35344"}],"wp:featuredmedia":[{"embeddable":true,"href":"https:\/\/foro1025.mx\/index.php?rest_route=\/wp\/v2\/media\/35343"}],"wp:attachment":[{"href":"https:\/\/foro1025.mx\/index.php?rest_route=%2Fwp%2Fv2%2Fmedia&parent=35342"}],"wp:term":[{"taxonomy":"category","embeddable":true,"href":"https:\/\/foro1025.mx\/index.php?rest_route=%2Fwp%2Fv2%2Fcategories&post=35342"},{"taxonomy":"post_tag","embeddable":true,"href":"https:\/\/foro1025.mx\/index.php?rest_route=%2Fwp%2Fv2%2Ftags&post=35342"}],"curies":[{"name":"wp","href":"https:\/\/api.w.org\/{rel}","templated":true}]}}