{"id":35345,"date":"2025-07-31T21:53:37","date_gmt":"2025-08-01T03:53:37","guid":{"rendered":"https:\/\/foro1025.mx\/?p=35345"},"modified":"2025-07-31T21:53:37","modified_gmt":"2025-08-01T03:53:37","slug":"gobierno-de-cuautitlan-entrega-mas-de-2000-despensas-humanistas-a-familias-vulnerables","status":"publish","type":"post","link":"https:\/\/foro1025.mx\/?p=35345","title":{"rendered":"Gobierno de Cuautitl\u00e1n entrega m\u00e1s de 2000 despensas humanistas a familias vulnerables"},"content":{"rendered":"<p class=\"p1\">Como muestra del compromiso con los sectores m\u00e1s vulnerables, el gobierno de Cuautitl\u00e1n, encabezado por la presidenta municipal Juanita Carrillo, inici\u00f3 esta semana la primera entrega de m\u00e1s de 2,000 Despensas Humanistas, que ser\u00e1n distribuidas a lo largo de los pr\u00f3ximos d\u00edas.<\/p>\n<p class=\"p1\">Este esfuerzo forma parte de una pol\u00edtica social basada en los principios del humanismo y la solidaridad, cuyo objetivo es garantizar que las familias cuautitlenses en situaci\u00f3n vulnerable cuenten con recursos b\u00e1sicos para mejorar su calidad de vida.<\/p>\n<p class=\"p1\">Durante las jornadas de entrega cargo del \u00e1rea de Bienestar<span class=\"Apple-converted-space\">\u00a0 <\/span>y en coordinaci\u00f3n con la Jurisdicci\u00f3n Sanitaria, tambi\u00e9n se distribuyen materiales informativos sobre alimentaci\u00f3n saludable, actividad f\u00edsica cotidiana y salud mental, con el prop\u00f3sito de fomentar h\u00e1bitos que fortalezcan el bienestar integral de la poblaci\u00f3n.<\/p>\n<p class=\"p1\">La presidenta municipal Juanita Carrillo destac\u00f3 que este programa no solo busca entregar apoyos alimenticios, sino tambi\u00e9n impulsar acciones formativas que promuevan una vida m\u00e1s digna y saludable:<\/p>\n<p class=\"p1\">\u201cEstamos cumpliendo con nuestro deber de gobernar con sensibilidad, cercan\u00eda y compromiso. Esta entrega es solo el inicio de muchas acciones que transformar\u00e1n la vida de nuestras familias\u201d, subray\u00f3.<\/p>\n<p class=\"p1\">El gobierno Municipal agradece la colaboraci\u00f3n de los equipos operativos y del sector salud, y reafirma su determinaci\u00f3n de seguir trabajando por un Cuautitl\u00e1n m\u00e1s justo, solidario y con oportunidades para todos.<\/p>\n","protected":false},"excerpt":{"rendered":"<div class=\"mh-excerpt\"><p>Como muestra del compromiso con los sectores m\u00e1s vulnerables, el gobierno de Cuautitl\u00e1n, encabezado por <a class=\"mh-excerpt-more\" href=\"https:\/\/foro1025.mx\/?p=35345\" title=\"Gobierno de Cuautitl\u00e1n entrega m\u00e1s de 2000 despensas humanistas a familias vulnerables\">&#8230;<\/a><\/p>\n<\/div>","protected":false},"author":1,"featured_media":35346,"comment_status":"closed","ping_status":"closed","sticky":false,"template":"","format":"standard","meta":{"footnotes":""},"categories":[40],"tags":[],"class_list":{"0":"post-35345","1":"post","2":"type-post","3":"status-publish","4":"format-standard","5":"has-post-thumbnail","7":"category-cuautitlan-mexico"},"_links":{"self":[{"href":"https:\/\/foro1025.mx\/index.php?rest_route=\/wp\/v2\/posts\/35345","targetHints":{"allow":["GET"]}}],"collection":[{"href":"https:\/\/foro1025.mx\/index.php?rest_route=\/wp\/v2\/posts"}],"about":[{"href":"https:\/\/foro1025.mx\/index.php?rest_route=\/wp\/v2\/types\/post"}],"author":[{"embeddable":true,"href":"https:\/\/foro1025.mx\/index.php?rest_route=\/wp\/v2\/users\/1"}],"replies":[{"embeddable":true,"href":"https:\/\/foro1025.mx\/index.php?rest_route=%2Fwp%2Fv2%2Fcomments&post=35345"}],"version-history":[{"count":1,"href":"https:\/\/foro1025.mx\/index.php?rest_route=\/wp\/v2\/posts\/35345\/revisions"}],"predecessor-version":[{"id":35347,"href":"https:\/\/foro1025.mx\/index.php?rest_route=\/wp\/v2\/posts\/35345\/revisions\/35347"}],"wp:featuredmedia":[{"embeddable":true,"href":"https:\/\/foro1025.mx\/index.php?rest_route=\/wp\/v2\/media\/35346"}],"wp:attachment":[{"href":"https:\/\/foro1025.mx\/index.php?rest_route=%2Fwp%2Fv2%2Fmedia&parent=35345"}],"wp:term":[{"taxonomy":"category","embeddable":true,"href":"https:\/\/foro1025.mx\/index.php?rest_route=%2Fwp%2Fv2%2Fcategories&post=35345"},{"taxonomy":"post_tag","embeddable":true,"href":"https:\/\/foro1025.mx\/index.php?rest_route=%2Fwp%2Fv2%2Ftags&post=35345"}],"curies":[{"name":"wp","href":"https:\/\/api.w.org\/{rel}","templated":true}]}}