{"id":35612,"date":"2025-08-18T22:26:33","date_gmt":"2025-08-19T04:26:33","guid":{"rendered":"https:\/\/foro1025.mx\/?p=35612"},"modified":"2025-08-18T22:26:33","modified_gmt":"2025-08-19T04:26:33","slug":"coacalco-impulsa-el-consumo-local-con-el-mercadito-verde","status":"publish","type":"post","link":"https:\/\/foro1025.mx\/?p=35612","title":{"rendered":"Coacalco impulsa el consumo local con el mercadito verde"},"content":{"rendered":"<p class=\"p1\">Con el objetivo de fortalecer el consumo interno y contribuir a la preservaci\u00f3n del medio ambiente, el presidente municipal de Coacalco, David S\u00e1nchez Isidoro, inaugur\u00f3 la segunda edici\u00f3n de la iniciativa \u201cMercadito Verde \u2013 Consume lo local\u201d. Durante el evento, asegur\u00f3 que este proyecto representa un paso firme hacia un consumo responsable y sustentable.<\/p>\n<p class=\"p1\">S\u00e1nchez Isidoro destac\u00f3 que, en coordinaci\u00f3n con el Gobierno del Estado de M\u00e9xico, se llevan a cabo diversas acciones para promover el cuidado de la Sierra de Guadalupe. Asimismo, invit\u00f3 a los asistentes a consumir productos artesanales elaborados por vecinos del municipio y de la regi\u00f3n.<\/p>\n<p class=\"p1\">Tambi\u00e9n exhort\u00f3 a las y los coacalquenses a aprovechar este tipo de actividades, que, adem\u00e1s de fomentar el comercio local, incluyen eventos culturales y deportivos organizados por el gobierno municipal, con el objetivo de promover valores y el uso de espacios p\u00fablicos para el sano esparcimiento.<\/p>\n<p class=\"p1\">Por su parte, Gerardo Valverde Nieto, delegado de Conservaci\u00f3n Ecol\u00f3gica de la Regi\u00f3n Tultitl\u00e1n, subray\u00f3 la necesidad de cambiar los h\u00e1bitos de consumo. Explic\u00f3 que, a trav\u00e9s de la Secretar\u00eda del Medio Ambiente y Desarrollo Sostenible, se impulsan acciones como el \u201cMercadito Verde \u2013 consume lo local\u201d, que promueven el consumo responsable de productos artesanales y ecol\u00f3gicos, adem\u00e1s de ofrecer a los productores un espacio para el comercio directo y justo.<\/p>\n<p class=\"p1\">Elvia Alba Rojas, coordinadora general de Conservaci\u00f3n Ecol\u00f3gica, resalt\u00f3 que el trabajo colaborativo entre los gobiernos del Estado de M\u00e9xico y Coacalco se refleja en una mejor calidad de vida para las familias. Se\u00f1al\u00f3 que este proyecto, iniciado hace un a\u00f1o, busca reconocer el esfuerzo de los productores y emprendedores mexiquenses, as\u00ed como promover un comercio justo.<\/p>\n<p class=\"p1\">Tras el corte del list\u00f3n inaugural del Mercadito Verde, el alcalde de Coacalco, acompa\u00f1ado por autoridades de Conservaci\u00f3n Ecol\u00f3gica, regidores, la presidenta del DIF Municipal, Mar\u00eda de Lourdes Gonz\u00e1lez Ocampo, y Alan Miguel Escalante, director de Medio Ambiente de Coacalco, realiz\u00f3 un recorrido por los puestos para saludar a los productores.<\/p>\n","protected":false},"excerpt":{"rendered":"<div class=\"mh-excerpt\"><p>Con el objetivo de fortalecer el consumo interno y contribuir a la preservaci\u00f3n del medio <a class=\"mh-excerpt-more\" href=\"https:\/\/foro1025.mx\/?p=35612\" title=\"Coacalco impulsa el consumo local con el mercadito verde\">&#8230;<\/a><\/p>\n<\/div>","protected":false},"author":1,"featured_media":35613,"comment_status":"closed","ping_status":"closed","sticky":false,"template":"","format":"standard","meta":{"footnotes":""},"categories":[7],"tags":[],"class_list":{"0":"post-35612","1":"post","2":"type-post","3":"status-publish","4":"format-standard","5":"has-post-thumbnail","7":"category-coacalco"},"_links":{"self":[{"href":"https:\/\/foro1025.mx\/index.php?rest_route=\/wp\/v2\/posts\/35612","targetHints":{"allow":["GET"]}}],"collection":[{"href":"https:\/\/foro1025.mx\/index.php?rest_route=\/wp\/v2\/posts"}],"about":[{"href":"https:\/\/foro1025.mx\/index.php?rest_route=\/wp\/v2\/types\/post"}],"author":[{"embeddable":true,"href":"https:\/\/foro1025.mx\/index.php?rest_route=\/wp\/v2\/users\/1"}],"replies":[{"embeddable":true,"href":"https:\/\/foro1025.mx\/index.php?rest_route=%2Fwp%2Fv2%2Fcomments&post=35612"}],"version-history":[{"count":1,"href":"https:\/\/foro1025.mx\/index.php?rest_route=\/wp\/v2\/posts\/35612\/revisions"}],"predecessor-version":[{"id":35614,"href":"https:\/\/foro1025.mx\/index.php?rest_route=\/wp\/v2\/posts\/35612\/revisions\/35614"}],"wp:featuredmedia":[{"embeddable":true,"href":"https:\/\/foro1025.mx\/index.php?rest_route=\/wp\/v2\/media\/35613"}],"wp:attachment":[{"href":"https:\/\/foro1025.mx\/index.php?rest_route=%2Fwp%2Fv2%2Fmedia&parent=35612"}],"wp:term":[{"taxonomy":"category","embeddable":true,"href":"https:\/\/foro1025.mx\/index.php?rest_route=%2Fwp%2Fv2%2Fcategories&post=35612"},{"taxonomy":"post_tag","embeddable":true,"href":"https:\/\/foro1025.mx\/index.php?rest_route=%2Fwp%2Fv2%2Ftags&post=35612"}],"curies":[{"name":"wp","href":"https:\/\/api.w.org\/{rel}","templated":true}]}}