{"id":35865,"date":"2025-09-08T15:34:46","date_gmt":"2025-09-08T21:34:46","guid":{"rendered":"https:\/\/foro1025.mx\/?p=35865"},"modified":"2025-09-09T15:36:22","modified_gmt":"2025-09-09T21:36:22","slug":"el-gppan-edomex-seguira-defendiendo-la-libertad-y-dignidad-de-las-personas","status":"publish","type":"post","link":"https:\/\/foro1025.mx\/?p=35865","title":{"rendered":"El GPPAN Edom\u00e9x seguir\u00e1 defendiendo la libertad y dignidad de las personas"},"content":{"rendered":"<p class=\"p2\"><span class=\"s1\">Al celebrar la segunda reuni\u00f3n plenaria del grupo parlamentario del Partido Acci\u00f3n Nacional en el estado de M\u00e9xico, el coordinador de los diputados Pablo Fern\u00e1ndez de Cevallos resalt\u00f3 el trabajo realizado durante el primer a\u00f1o de actividades legislativas que se destac\u00f3 por su defensa a la familia, la vida, justicia y salud.<\/span><\/p>\n<p class=\"p3\"><span class=\"s1\">Dijo, que para este periodo que inicia, el GPPAN seguir\u00e1 la misma ruta para que las familias mexiquenses est\u00e9n protegidas y con estabilidad. \u00bb Estoy claro que nosotros en Acci\u00f3n Nacional para construir ese bien com\u00fan, necesitamos ideas claras y contundentes que lleguen a las familias mexiquenses que les permita estar mejor \u00ab.<\/span><\/p>\n<p class=\"p3\"><span class=\"s1\">Ante el coordinador de los Senadores de Acci\u00f3n Nacional, Ricardo Anaya, del senador por el estado de M\u00e9xico Enrique Vargas del Villar, Diputadas y Diputados locales y federales, as\u00ed como de Leticia Zepeda, secretaria general del comit\u00e9 Directivo Estatal del PAN, Fern\u00e1ndez de Cevallos dio la bienvenida a l\u00edderes panistas de la entidad para que a partir de esta reuni\u00f3n se transmita en las comunidades el mensaje de que Acci\u00f3n Nacional est\u00e1 presente y desde cada una de sus trincheras abonar para que haya un mejor pa\u00eds y un mejor estado de M\u00e9xico.<\/span><\/p>\n<p class=\"p3\"><span class=\"s1\">Durante la segunda reuni\u00f3n plenaria se cont\u00f3 con la participaci\u00f3n de Beatriz Pag\u00e9s con la ponencia, \u00abCamino a la dictadura\u00bb; \u00abLa nueva realidad de la democracia en M\u00e9xico\u00bb, en voz de Lorenzo C\u00f3rdoba; y \u00abLegislar desde la oposici\u00f3n\u00bb, con la diputada Kenia L\u00f3pez y las intervenciones de los senadores Ricardo Anaya y Enrique Vargas, que reflexionaron sobre el futuro del blanquiazul en los meses por venir.<\/span><\/p>\n","protected":false},"excerpt":{"rendered":"<div class=\"mh-excerpt\"><p>Al celebrar la segunda reuni\u00f3n plenaria del grupo parlamentario del Partido Acci\u00f3n Nacional en el <a class=\"mh-excerpt-more\" href=\"https:\/\/foro1025.mx\/?p=35865\" title=\"El GPPAN Edom\u00e9x seguir\u00e1 defendiendo la libertad y dignidad de las personas\">&#8230;<\/a><\/p>\n<\/div>","protected":false},"author":1,"featured_media":35866,"comment_status":"closed","ping_status":"closed","sticky":false,"template":"","format":"standard","meta":{"footnotes":""},"categories":[22],"tags":[],"class_list":{"0":"post-35865","1":"post","2":"type-post","3":"status-publish","4":"format-standard","5":"has-post-thumbnail","7":"category-diputados"},"_links":{"self":[{"href":"https:\/\/foro1025.mx\/index.php?rest_route=\/wp\/v2\/posts\/35865","targetHints":{"allow":["GET"]}}],"collection":[{"href":"https:\/\/foro1025.mx\/index.php?rest_route=\/wp\/v2\/posts"}],"about":[{"href":"https:\/\/foro1025.mx\/index.php?rest_route=\/wp\/v2\/types\/post"}],"author":[{"embeddable":true,"href":"https:\/\/foro1025.mx\/index.php?rest_route=\/wp\/v2\/users\/1"}],"replies":[{"embeddable":true,"href":"https:\/\/foro1025.mx\/index.php?rest_route=%2Fwp%2Fv2%2Fcomments&post=35865"}],"version-history":[{"count":1,"href":"https:\/\/foro1025.mx\/index.php?rest_route=\/wp\/v2\/posts\/35865\/revisions"}],"predecessor-version":[{"id":35867,"href":"https:\/\/foro1025.mx\/index.php?rest_route=\/wp\/v2\/posts\/35865\/revisions\/35867"}],"wp:featuredmedia":[{"embeddable":true,"href":"https:\/\/foro1025.mx\/index.php?rest_route=\/wp\/v2\/media\/35866"}],"wp:attachment":[{"href":"https:\/\/foro1025.mx\/index.php?rest_route=%2Fwp%2Fv2%2Fmedia&parent=35865"}],"wp:term":[{"taxonomy":"category","embeddable":true,"href":"https:\/\/foro1025.mx\/index.php?rest_route=%2Fwp%2Fv2%2Fcategories&post=35865"},{"taxonomy":"post_tag","embeddable":true,"href":"https:\/\/foro1025.mx\/index.php?rest_route=%2Fwp%2Fv2%2Ftags&post=35865"}],"curies":[{"name":"wp","href":"https:\/\/api.w.org\/{rel}","templated":true}]}}