{"id":35880,"date":"2025-09-09T15:49:21","date_gmt":"2025-09-09T21:49:21","guid":{"rendered":"https:\/\/foro1025.mx\/?p=35880"},"modified":"2025-09-09T15:50:15","modified_gmt":"2025-09-09T21:50:15","slug":"inicia-ciclio-escolar-2025-2026-para-personal-de-servicios-publicos-de-coacalco-en-primaria-secundaria-y-preparatoria","status":"publish","type":"post","link":"https:\/\/foro1025.mx\/?p=35880","title":{"rendered":"Inicia ciclo escolar 2025 &#8211; 2026 para personal de servicios p\u00fablicos de Coacalco en primaria, secundaria y preparatoria"},"content":{"rendered":"<p class=\"p1\">Con el objetivo de proveer al personal operativo servicios educativos para adultos mayores, el Gobierno de Coacalco, en colaboraci\u00f3n con el Centro de Educaci\u00f3n B\u00e1sica para Adultos (CEBA) y los Servicios Educativos Integrados al Estado de M\u00e9xico (SEIEM), dio inicio formal al ciclo escolar 2025\u20132026 para el personal de servicios p\u00fablicos. De esta manera, podr\u00e1n cursar primaria, secundaria y preparatoria abierta.<\/p>\n<p class=\"p1\">Sa\u00fal Mares P\u00e9rez, director de Servicios P\u00fablicos, agradeci\u00f3 el apoyo del CEBA y del SEIEM, y destac\u00f3 ante los servidores p\u00fablicos que aprender no tiene edad. Se\u00f1al\u00f3 que ofrecer oportunidades educativas a personas adultas es una forma poderosa de reconocer su valor y promover su inclusi\u00f3n en la sociedad.<\/p>\n<p class=\"p1\">Agreg\u00f3 que ellos son la cara del Gobierno Municipal, ya que todos los d\u00edas salen a las calles para realizar labores esenciales para el funcionamiento y desarrollo de la comunidad, como la limpieza y recolecci\u00f3n de basura, el mantenimiento de parques y alumbrado p\u00fablico, el barrido de calles, entre otras tareas.<\/p>\n<p class=\"p1\">Mares P\u00e9rez indic\u00f3 que, por encomienda del presidente municipal, el \u00e1rea a su cargo realiza diversas gestiones para el bienestar de los trabajadores de servicios p\u00fablicos, quienes representan un capital humano valioso. Adem\u00e1s de las jornadas de abasto, la coordinaci\u00f3n con el SEIEM y el CEBA permite brindar acceso a la educaci\u00f3n a j\u00f3venes y adultos que no pudieron iniciar o concluir sus estudios, as\u00ed como a quienes desean terminarlos de forma m\u00e1s r\u00e1pida.<\/p>\n<p class=\"p1\">Coment\u00f3 que, previamente, a trav\u00e9s de la Direcci\u00f3n de Desarrollo Social, se ofreci\u00f3 un taller gratuito de alfabetizaci\u00f3n, gracias al cual algunos trabajadores ya comienzan a leer y escribir.<\/p>\n<p class=\"p1\">Durante el inicio del ciclo escolar, se entregaron mochilas a los estudiantes de primaria y secundaria. Asimismo, se distribuyeron folletos para la prevenci\u00f3n del abuso infantil, como parte de una campa\u00f1a impulsada por el Gobierno del Estado.<\/p>\n<p class=\"p1\">Los estudiantes tomar\u00e1n clases tanto en l\u00ednea como presenciales, con el apoyo de docentes del CEBA.<\/p>\n","protected":false},"excerpt":{"rendered":"<div class=\"mh-excerpt\"><p>Con el objetivo de proveer al personal operativo servicios educativos para adultos mayores, el Gobierno <a class=\"mh-excerpt-more\" href=\"https:\/\/foro1025.mx\/?p=35880\" title=\"Inicia ciclo escolar 2025 &#8211; 2026 para personal de servicios p\u00fablicos de Coacalco en primaria, secundaria y preparatoria\">&#8230;<\/a><\/p>\n<\/div>","protected":false},"author":1,"featured_media":35881,"comment_status":"closed","ping_status":"closed","sticky":false,"template":"","format":"standard","meta":{"footnotes":""},"categories":[7],"tags":[],"class_list":{"0":"post-35880","1":"post","2":"type-post","3":"status-publish","4":"format-standard","5":"has-post-thumbnail","7":"category-coacalco"},"_links":{"self":[{"href":"https:\/\/foro1025.mx\/index.php?rest_route=\/wp\/v2\/posts\/35880","targetHints":{"allow":["GET"]}}],"collection":[{"href":"https:\/\/foro1025.mx\/index.php?rest_route=\/wp\/v2\/posts"}],"about":[{"href":"https:\/\/foro1025.mx\/index.php?rest_route=\/wp\/v2\/types\/post"}],"author":[{"embeddable":true,"href":"https:\/\/foro1025.mx\/index.php?rest_route=\/wp\/v2\/users\/1"}],"replies":[{"embeddable":true,"href":"https:\/\/foro1025.mx\/index.php?rest_route=%2Fwp%2Fv2%2Fcomments&post=35880"}],"version-history":[{"count":2,"href":"https:\/\/foro1025.mx\/index.php?rest_route=\/wp\/v2\/posts\/35880\/revisions"}],"predecessor-version":[{"id":35883,"href":"https:\/\/foro1025.mx\/index.php?rest_route=\/wp\/v2\/posts\/35880\/revisions\/35883"}],"wp:featuredmedia":[{"embeddable":true,"href":"https:\/\/foro1025.mx\/index.php?rest_route=\/wp\/v2\/media\/35881"}],"wp:attachment":[{"href":"https:\/\/foro1025.mx\/index.php?rest_route=%2Fwp%2Fv2%2Fmedia&parent=35880"}],"wp:term":[{"taxonomy":"category","embeddable":true,"href":"https:\/\/foro1025.mx\/index.php?rest_route=%2Fwp%2Fv2%2Fcategories&post=35880"},{"taxonomy":"post_tag","embeddable":true,"href":"https:\/\/foro1025.mx\/index.php?rest_route=%2Fwp%2Fv2%2Ftags&post=35880"}],"curies":[{"name":"wp","href":"https:\/\/api.w.org\/{rel}","templated":true}]}}