{"id":36383,"date":"2025-11-12T19:02:40","date_gmt":"2025-11-13T01:02:40","guid":{"rendered":"https:\/\/foro1025.mx\/?p=36383"},"modified":"2025-11-13T19:03:50","modified_gmt":"2025-11-14T01:03:50","slug":"alista-gobierno-de-cuautitlan-izcalli-instalar-seis-arcos-carreteros-inteligentes","status":"publish","type":"post","link":"https:\/\/foro1025.mx\/?p=36383","title":{"rendered":"Alista gobierno de Cuautitl\u00e1n Izcalli instalar seis arcos carreteros inteligentes"},"content":{"rendered":"<p class=\"p2\"><span class=\"s1\">El presidente municipal Daniel Serrano anunci\u00f3 sobre la colocaci\u00f3n de seis arcos carreteros inteligentes que estar\u00e1n distribuidos en zonas estrat\u00e9gicas del municipio. <\/span><\/p>\n<p class=\"p2\"><span class=\"s1\">En su conferencia de prensa \u201cEl Poder del Pueblo\u201d, precis\u00f3 que, los arcos carreteros inteligentes ayudar\u00e1n a redoblar esfuerzos en materia de seguridad y as\u00ed, combatir el robo a transporte de carga. <\/span><\/p>\n<p class=\"p2\"><span class=\"s1\">Con la finalidad de reducir gastos, se utilizar\u00e1 infraestructura ya instalada, como lo son: puentes peatonales, espectaculares y postes. <\/span><\/p>\n<p class=\"p2\"><span class=\"s1\">Dichos arcos servir\u00e1n para monitorear y registrar el flujo vehicular que entra y sale del municipio y en caso de una emergencia poderle dar seguimiento a veh\u00edculos sospechosos, aun cuando salgan del municipio e ingresen a municipios colindantes con Cuautitl\u00e1n Izcalli. <\/span><\/p>\n<p class=\"p2\"><span class=\"s1\">El presidente municipal anunci\u00f3 que, los datos personales recabados ser\u00e1n protegidos conforme a la Ley para salvaguardar la integridad de la ciudadan\u00eda. <\/span><\/p>\n<p class=\"p2\"><span class=\"s1\">Asimismo, la colocaci\u00f3n de los arcos carreteros inteligentes servir\u00e1 para recabar informaci\u00f3n estad\u00edstica y con ello tener informaci\u00f3n precisa de cuantos veh\u00edculos transitan cotidianamente para lo que se haga en materia de movilidad tenga un soporte estad\u00edstico. <\/span><\/p>\n<p class=\"p2\"><span class=\"s1\">El gobierno municipal de Cuautitl\u00e1n Izcalli tiene previsto su colocaci\u00f3n en los siguientes puntos: l\u00edmites con Tepotzotl\u00e1n, l\u00edmites con Tultitl\u00e1n, l\u00edmites con Nicol\u00e1s Romero, l\u00edmites con Cuautitl\u00e1n M\u00e9xico, l\u00edmites con Atizap\u00e1n y l\u00edmites con Tlalnepantla. <\/span><\/p>\n<p class=\"p2\"><span class=\"s1\">n esta intervenci\u00f3n se instalar\u00e1n un total de 29 c\u00e1maras que estar\u00e1n monitoreadas por las autoridades. <\/span><\/p>\n<p class=\"p2\"><span class=\"s1\">Cada uno de los arcos carreteros inteligentes contar\u00e1 con equipo espec\u00edfico de monitoreo y se distribuir\u00e1 de la siguiente manera. <\/span><\/p>\n<p class=\"p2\"><span class=\"s1\">L\u00edmites con Tepotzotl\u00e1n: Laterales de la autopista M\u00e9xico-Quer\u00e9taro, a la altura del Toks, se cubrir\u00e1n 2 carriles de entrada y 2 de salida, 4 c\u00e1maras fijas, 2 para entrada y 2 para salida y 2 c\u00e1maras lectoras de placas, 1 para entrada y 1 para salida. <\/span><\/p>\n<p class=\"p2\"><span class=\"s1\">L\u00edmites con Tultitl\u00e1n: Camino a Tepalcapa, a la altura de la empresa Ternium, se cubrir\u00e1n 2 carriles de entrada y 2 de salida, 2 c\u00e1maras fijas, 1 para entrada y 1 para salida y 1 c\u00e1mara lectora de placas para entrada y salida. <\/span><\/p>\n<p class=\"p2\"><span class=\"s1\">L\u00edmites con Nicol\u00e1s Romero: Colonia Los Ailes, a la altura de la Promer, se cubrir\u00e1 1 carril de entrada y 1 de salida, 2 c\u00e1maras fijas tanto para entrada como salida y 1 c\u00e1mara lectora de placas para entrada y salida. <\/span><\/p>\n<p class=\"p2\"><span class=\"s1\">L\u00edmites con Cuautitl\u00e1n M\u00e9xico: Calzada de Guadalupe, a la altura de la bodega Alianza, se cubrir\u00e1n 2 carriles de entrada y 2 de salida, 4 c\u00e1maras fijas, 2 para entrada y 2 para salida y 2 c\u00e1maras lectoras de placas, 1 para entrada y 1 para salida. <\/span><\/p>\n<p class=\"p2\"><span class=\"s1\">L\u00edmites con Atizap\u00e1n: Avenida Lago de Guadalupe, a la altura del Steren, se cubrir\u00e1n 3 carriles de entrada y 3 carriles de salida, 6 c\u00e1maras fijas, 3 para entrada y 3 para salida y 2 c\u00e1maras lectoras de placas, 1 para entrada y 1 para salida. <\/span><\/p>\n<p class=\"p2\"><span class=\"s1\">L\u00edmites con Tlalnepantla: Autopista M\u00e9xico-Quer\u00e9taro, en los l\u00edmites de ambos municipios, se cubrir\u00e1n 2 carriles de entrada, 2 c\u00e1maras fijas, ambas para la entrada y 1 c\u00e1mara lectora de placas para la entrada. <\/span><\/p>\n","protected":false},"excerpt":{"rendered":"<div class=\"mh-excerpt\"><p>El presidente municipal Daniel Serrano anunci\u00f3 sobre la colocaci\u00f3n de seis arcos carreteros inteligentes que <a class=\"mh-excerpt-more\" href=\"https:\/\/foro1025.mx\/?p=36383\" title=\"Alista gobierno de Cuautitl\u00e1n Izcalli instalar seis arcos carreteros inteligentes\">&#8230;<\/a><\/p>\n<\/div>","protected":false},"author":1,"featured_media":36384,"comment_status":"closed","ping_status":"closed","sticky":false,"template":"","format":"standard","meta":{"footnotes":""},"categories":[29],"tags":[],"class_list":{"0":"post-36383","1":"post","2":"type-post","3":"status-publish","4":"format-standard","5":"has-post-thumbnail","7":"category-cuautitlan-izcalli"},"_links":{"self":[{"href":"https:\/\/foro1025.mx\/index.php?rest_route=\/wp\/v2\/posts\/36383","targetHints":{"allow":["GET"]}}],"collection":[{"href":"https:\/\/foro1025.mx\/index.php?rest_route=\/wp\/v2\/posts"}],"about":[{"href":"https:\/\/foro1025.mx\/index.php?rest_route=\/wp\/v2\/types\/post"}],"author":[{"embeddable":true,"href":"https:\/\/foro1025.mx\/index.php?rest_route=\/wp\/v2\/users\/1"}],"replies":[{"embeddable":true,"href":"https:\/\/foro1025.mx\/index.php?rest_route=%2Fwp%2Fv2%2Fcomments&post=36383"}],"version-history":[{"count":1,"href":"https:\/\/foro1025.mx\/index.php?rest_route=\/wp\/v2\/posts\/36383\/revisions"}],"predecessor-version":[{"id":36385,"href":"https:\/\/foro1025.mx\/index.php?rest_route=\/wp\/v2\/posts\/36383\/revisions\/36385"}],"wp:featuredmedia":[{"embeddable":true,"href":"https:\/\/foro1025.mx\/index.php?rest_route=\/wp\/v2\/media\/36384"}],"wp:attachment":[{"href":"https:\/\/foro1025.mx\/index.php?rest_route=%2Fwp%2Fv2%2Fmedia&parent=36383"}],"wp:term":[{"taxonomy":"category","embeddable":true,"href":"https:\/\/foro1025.mx\/index.php?rest_route=%2Fwp%2Fv2%2Fcategories&post=36383"},{"taxonomy":"post_tag","embeddable":true,"href":"https:\/\/foro1025.mx\/index.php?rest_route=%2Fwp%2Fv2%2Ftags&post=36383"}],"curies":[{"name":"wp","href":"https:\/\/api.w.org\/{rel}","templated":true}]}}