{"id":36412,"date":"2025-11-14T10:07:48","date_gmt":"2025-11-14T16:07:48","guid":{"rendered":"https:\/\/foro1025.mx\/?p=36412"},"modified":"2025-11-15T10:08:46","modified_gmt":"2025-11-15T16:08:46","slug":"nicolas-romero-impulsa-a-jovenes-con-feria-de-orientacion-vocacional","status":"publish","type":"post","link":"https:\/\/foro1025.mx\/?p=36412","title":{"rendered":"Nicol\u00e1s Romero impulsa a j\u00f3venes con Feria de Orientaci\u00f3n Vocacional"},"content":{"rendered":"<p class=\"p1\">Las y los j\u00f3venes son los principales protagonistas de la transformaci\u00f3n del municipio y para apoyarlos a tomar la mejor decisi\u00f3n sobre su porvenir, el gobierno municipal, organiz\u00f3 la Feria de Orientaci\u00f3n Vocacional \u201cYo s\u00ed me preparo\u201d, en la que participaron 17 instituciones p\u00fablicas y privadas, entre universidades y centros de capacitaci\u00f3n para el trabajo.<\/p>\n<p class=\"p1\">En el Jard\u00edn Bicentenario de la explanada municipal, donde encabez\u00f3 el acto inaugural, la alcaldesa, Yoselin Mendoza, destac\u00f3 la importancia de que la juventud de esta localidad se prepare m\u00e1s, para poder enfrentar con \u00e9xito los retos, ya que hoy d\u00eda, para acceder al mercado laboral se solicita contar por lo menos con el bachillerato.<\/p>\n<p class=\"p1\">La presidenta municipal, precis\u00f3 que se ofrecieron a los estudiantes diversas alternativas para acceder a la educaci\u00f3n superior, con los stands de varias universidades que participaron en dicha feria, as\u00ed como de otras organizaciones de las que pueden egresar como profesionales t\u00e9cnicos.<\/p>\n<p class=\"p1\">\u201cEste Gobierno de Acci\u00f3n que Transforma est\u00e1 a favor de los j\u00f3venes, les hemos tra\u00eddo oportunidades y vamos a seguir trabajando con ustedes y para ustedes, porque son el presente y la generaci\u00f3n que cambiar\u00e1 nuestro municipio a trav\u00e9s de la educaci\u00f3n\u201d, detall\u00f3.<\/p>\n<p class=\"p1\">Al mismo tiempo, reconoci\u00f3 que las instituciones educativas son importantes aliadas de su administraci\u00f3n, porque son las encargadas de formar a los j\u00f3venes y asegur\u00f3 que las y los estudiantes no est\u00e1n solos, porque cuentan con todo su apoyo.<\/p>\n<p class=\"p1\">Record\u00f3 que, el gobierno municipal ha brindado mucho respaldo a la juventud, como en el caso de deportistas que han requerido viajar para acudir a competencias en distintas disciplinas deportivas, a quienes se les ha ayudado econ\u00f3micamente para poder hacerlo.<\/p>\n<p class=\"p1\">Cabe se\u00f1alar, que entre los expositores de la referida feria, estuvieron, entre otros, la Universidad Tecnol\u00f3gica Fidel Vel\u00e1zquez (UTFV), la Universidad Aut\u00f3noma del Estado de M\u00e9xico (UAEM\u00c9X), la Unidad de Estudios Superiores Villa del Carb\u00f3n, la Universidad Pedag\u00f3gica Nacional (UPN), la Universidad Aut\u00f3noma Metropolitana (UAM), campus Azcapotzalco, la Universidad Nacional Aut\u00f3noma de M\u00e9xico (UNAM), el Instituto Polit\u00e9cnico Nacional (IPN), as\u00ed como el Centro Educativo Grupo Cedva y el Instituto Learsi.<\/p>\n","protected":false},"excerpt":{"rendered":"<div class=\"mh-excerpt\"><p>Las y los j\u00f3venes son los principales protagonistas de la transformaci\u00f3n del municipio y para <a class=\"mh-excerpt-more\" href=\"https:\/\/foro1025.mx\/?p=36412\" title=\"Nicol\u00e1s Romero impulsa a j\u00f3venes con Feria de Orientaci\u00f3n Vocacional\">&#8230;<\/a><\/p>\n<\/div>","protected":false},"author":1,"featured_media":36413,"comment_status":"closed","ping_status":"closed","sticky":false,"template":"","format":"standard","meta":{"footnotes":""},"categories":[19],"tags":[],"class_list":{"0":"post-36412","1":"post","2":"type-post","3":"status-publish","4":"format-standard","5":"has-post-thumbnail","7":"category-nicolas-romero"},"_links":{"self":[{"href":"https:\/\/foro1025.mx\/index.php?rest_route=\/wp\/v2\/posts\/36412","targetHints":{"allow":["GET"]}}],"collection":[{"href":"https:\/\/foro1025.mx\/index.php?rest_route=\/wp\/v2\/posts"}],"about":[{"href":"https:\/\/foro1025.mx\/index.php?rest_route=\/wp\/v2\/types\/post"}],"author":[{"embeddable":true,"href":"https:\/\/foro1025.mx\/index.php?rest_route=\/wp\/v2\/users\/1"}],"replies":[{"embeddable":true,"href":"https:\/\/foro1025.mx\/index.php?rest_route=%2Fwp%2Fv2%2Fcomments&post=36412"}],"version-history":[{"count":1,"href":"https:\/\/foro1025.mx\/index.php?rest_route=\/wp\/v2\/posts\/36412\/revisions"}],"predecessor-version":[{"id":36414,"href":"https:\/\/foro1025.mx\/index.php?rest_route=\/wp\/v2\/posts\/36412\/revisions\/36414"}],"wp:featuredmedia":[{"embeddable":true,"href":"https:\/\/foro1025.mx\/index.php?rest_route=\/wp\/v2\/media\/36413"}],"wp:attachment":[{"href":"https:\/\/foro1025.mx\/index.php?rest_route=%2Fwp%2Fv2%2Fmedia&parent=36412"}],"wp:term":[{"taxonomy":"category","embeddable":true,"href":"https:\/\/foro1025.mx\/index.php?rest_route=%2Fwp%2Fv2%2Fcategories&post=36412"},{"taxonomy":"post_tag","embeddable":true,"href":"https:\/\/foro1025.mx\/index.php?rest_route=%2Fwp%2Fv2%2Ftags&post=36412"}],"curies":[{"name":"wp","href":"https:\/\/api.w.org\/{rel}","templated":true}]}}