{"id":36460,"date":"2025-11-19T19:06:02","date_gmt":"2025-11-20T01:06:02","guid":{"rendered":"https:\/\/foro1025.mx\/?p=36460"},"modified":"2025-11-19T19:06:02","modified_gmt":"2025-11-20T01:06:02","slug":"gobierno-de-delfina-gomez-alvarez-reconocera-a-periodistas-y-los-invita-a-participar-por-la-presea-leona-vicario","status":"publish","type":"post","link":"https:\/\/foro1025.mx\/?p=36460","title":{"rendered":"Gobierno de Delfina G\u00f3mez \u00c1lvarez reconocer\u00e1 a periodistas y los invita a participar por la presea \u00abLeona Vicario\u00bb"},"content":{"rendered":"<ul>\n<li class=\"p4\"><i><\/i><span class=\"s2\"><i>Pueden registrarse o postular a su candidata o candidato hasta el\u00a06 de enero,\u00a0a trav\u00e9s de la p\u00e1gina\u00a0<\/i><a href=\"https:\/\/gem102.us8.list-manage.com\/track\/click?u=7d9d26ba67dc031cf99762afd&amp;id=6def405b51&amp;e=d7b6de5366\"><span class=\"s4\"><i>https:\/\/presea.edugem.gob.mx\/registro<\/i><\/span><\/a><i>.<\/i><\/span><\/li>\n<\/ul>\n<p class=\"p5\"><span class=\"s2\">\u00a0<\/span><\/p>\n<p class=\"p5\"><span class=\"s2\"><b>TOLUCA,<\/b>\u00a0Estado de M\u00e9xico.\u2013 El Gobierno de la Maestra Delfina G\u00f3mez \u00c1lvarez reconoce a periodistas mexiquenses, quienes, con su labor diaria, contribuyen a mantener informada a la ciudadan\u00eda de manera oportuna y veraz; por ello, instal\u00f3 el Jurado Calificador de la Presea Estado de M\u00e9xico de Periodismo e Informaci\u00f3n \u201cLeona Vicario\u201d.<\/span><\/p>\n<p class=\"p5\"><span class=\"s2\">Nayeli G\u00f3mez Castillo, Coordinadora General de Comunicaci\u00f3n Social del Gobierno estatal y Presidenta del Jurado Calificador destac\u00f3 que a trav\u00e9s de esta convocatoria se invita a las y los periodistas de todas las regiones de la entidad a ser parte de este galard\u00f3n.<\/span><\/p>\n<p class=\"p5\"><span class=\"s2\">La categor\u00eda de Periodismo e Informaci\u00f3n se otorga a personas f\u00edsicas o jur\u00eddicas colectivas, por el beneficio social que producen; por el uso correcto de los medios de expresi\u00f3n, as\u00ed como por la veracidad y la objetividad de la informaci\u00f3n, art\u00edculos y programas culturales.<\/span><\/p>\n<p class=\"p5\"><span class=\"s2\">\u00a0Las personas interesadas pueden registrarse o postular a su candidata o candidato a trav\u00e9s de la p\u00e1gina\u00a0<a href=\"https:\/\/gem102.us8.list-manage.com\/track\/click?u=7d9d26ba67dc031cf99762afd&amp;id=ff97c79e8a&amp;e=d7b6de5366\"><span class=\"s4\">https:\/\/presea.edugem.gob.mx\/registro<\/span><\/a>, hasta el 6 de enero. A trav\u00e9s de esta plataforma se deber\u00e1n cargar documentos digitalizados de identificaci\u00f3n y curr\u00edculum; datos de postulaci\u00f3n; datos de quien realiza el registro, y especificar los m\u00e9ritos de la o el candidato, adjuntando documentos de soporte. La premiaci\u00f3n se realizar\u00e1 en ceremonia solemne el pr\u00f3ximo 2 de marzo.<\/span><\/p>\n<p class=\"p4\"><span class=\"s1\">El Jurado de la Presea \u201cLeona Vicario\u201d est\u00e1 conformado por Jes\u00fas George Zamora, Consejero Jur\u00eddico; Gina Morris, en representaci\u00f3n de Carlos Brito Lavalle, Director General del Sistema Mexiquense de Medios P\u00fablicos; Mar\u00eda Fernanda Vald\u00e9s Figueroa, en representaci\u00f3n de Martha Patricia Zarza Delgado, Rectora de la Universidad Aut\u00f3noma del Estado de M\u00e9xico (UAEM\u00e9x); Ana Laura Jim\u00e9nez Flores, Periodista en Materia de Derechos Humanos, y Alejandro Carrillo Segovia, Editor del portal P\u00e9ndulo Online.<\/span><\/p>\n","protected":false},"excerpt":{"rendered":"<div class=\"mh-excerpt\"><p>Pueden registrarse o postular a su candidata o candidato hasta el\u00a06 de enero,\u00a0a trav\u00e9s de <a class=\"mh-excerpt-more\" href=\"https:\/\/foro1025.mx\/?p=36460\" title=\"Gobierno de Delfina G\u00f3mez \u00c1lvarez reconocer\u00e1 a periodistas y los invita a participar por la presea \u00abLeona Vicario\u00bb\">&#8230;<\/a><\/p>\n<\/div>","protected":false},"author":1,"featured_media":36461,"comment_status":"closed","ping_status":"closed","sticky":false,"template":"","format":"standard","meta":{"footnotes":""},"categories":[13],"tags":[],"class_list":{"0":"post-36460","1":"post","2":"type-post","3":"status-publish","4":"format-standard","5":"has-post-thumbnail","7":"category-estado-de-mexico"},"_links":{"self":[{"href":"https:\/\/foro1025.mx\/index.php?rest_route=\/wp\/v2\/posts\/36460","targetHints":{"allow":["GET"]}}],"collection":[{"href":"https:\/\/foro1025.mx\/index.php?rest_route=\/wp\/v2\/posts"}],"about":[{"href":"https:\/\/foro1025.mx\/index.php?rest_route=\/wp\/v2\/types\/post"}],"author":[{"embeddable":true,"href":"https:\/\/foro1025.mx\/index.php?rest_route=\/wp\/v2\/users\/1"}],"replies":[{"embeddable":true,"href":"https:\/\/foro1025.mx\/index.php?rest_route=%2Fwp%2Fv2%2Fcomments&post=36460"}],"version-history":[{"count":1,"href":"https:\/\/foro1025.mx\/index.php?rest_route=\/wp\/v2\/posts\/36460\/revisions"}],"predecessor-version":[{"id":36462,"href":"https:\/\/foro1025.mx\/index.php?rest_route=\/wp\/v2\/posts\/36460\/revisions\/36462"}],"wp:featuredmedia":[{"embeddable":true,"href":"https:\/\/foro1025.mx\/index.php?rest_route=\/wp\/v2\/media\/36461"}],"wp:attachment":[{"href":"https:\/\/foro1025.mx\/index.php?rest_route=%2Fwp%2Fv2%2Fmedia&parent=36460"}],"wp:term":[{"taxonomy":"category","embeddable":true,"href":"https:\/\/foro1025.mx\/index.php?rest_route=%2Fwp%2Fv2%2Fcategories&post=36460"},{"taxonomy":"post_tag","embeddable":true,"href":"https:\/\/foro1025.mx\/index.php?rest_route=%2Fwp%2Fv2%2Ftags&post=36460"}],"curies":[{"name":"wp","href":"https:\/\/api.w.org\/{rel}","templated":true}]}}